{"id":1292,"date":"2016-03-16T14:09:58","date_gmt":"2016-03-16T17:09:58","guid":{"rendered":"https:\/\/blogs.correiobraziliense.com.br\/servidor\/?p=1292"},"modified":"2016-03-16T14:09:58","modified_gmt":"2016-03-16T17:09:58","slug":"lula-assume-casa-civil","status":"publish","type":"post","link":"https:\/\/blogs.correiobraziliense.com.br\/servidor\/lula-assume-casa-civil\/","title":{"rendered":"LULA ASSUME CASA CIVIL"},"content":{"rendered":"<p class=\"rvps7\"><span class=\"rvts3\">Por meio de nota, a presidente da Rep\u00fablica, Dilma Rousseff, informou que o ministro de Estado Chefe da Casa Civil, Jaques Wagner, deixar\u00e1 a pasta e assumir\u00e1 a chefia do Gabinete Pessoal da Presid\u00eancia da Rep\u00fablica.\u00a0 Assumir\u00e1 o cargo de ministro de Estado Chefe da Casa Civil o ex-presidente da Rep\u00fablica Luiz In\u00e1cio Lula da Silva.\u00a0 Assumir\u00e1, ainda,\u00a0o cargo de ministro de Estado Chefe Secretaria de Avia\u00e7\u00e3o Civil, o deputado federal Mauro Ribeiro Lopes. A presidente da Rep\u00fablica presta homenagem e agradecimento ao Dr. Guilherme Walder Mora Ramalho pela sua dedica\u00e7\u00e3o.<\/span><\/p>\n<p class=\"rvps3\"><span class=\"rvts3\">\u00a0<\/span><\/p>\n","protected":false},"excerpt":{"rendered":"<p>Por meio de nota, a presidente da Rep\u00fablica, Dilma Rousseff, informou que o ministro de Estado Chefe da Casa Civil, Jaques Wagner, deixar\u00e1 a pasta e assumir\u00e1 a chefia do Gabinete Pessoal da Presid\u00eancia da Rep\u00fablica.\u00a0 Assumir\u00e1 o cargo de ministro de Estado Chefe da Casa Civil o ex-presidente da Rep\u00fablica Luiz In\u00e1cio Lula da Silva.\u00a0 Assumir\u00e1, ainda,\u00a0o cargo de [&hellip;]<\/p>\n","protected":false},"author":27,"featured_media":0,"comment_status":"open","ping_status":"closed","sticky":false,"template":"","format":"standard","meta":{"footnotes":""},"categories":[1],"tags":[1362,766,1363,1366,1364,1361,1365,81],"class_list":["post-1292","post","type-post","status-publish","format-standard","hentry","category-sem-categoria","tag-assume","tag-casa-civil","tag-dilma-rousseffe","tag-guilherme-walder-mora-ramalho","tag-jacques-wagner","tag-lula","tag-mauro-ribeiro-lopes","tag-presidente"],"_links":{"self":[{"href":"https:\/\/blogs.correiobraziliense.com.br\/servidor\/wp-json\/wp\/v2\/posts\/1292","targetHints":{"allow":["GET"]}}],"collection":[{"href":"https:\/\/blogs.correiobraziliense.com.br\/servidor\/wp-json\/wp\/v2\/posts"}],"about":[{"href":"https:\/\/blogs.correiobraziliense.com.br\/servidor\/wp-json\/wp\/v2\/types\/post"}],"author":[{"embeddable":true,"href":"https:\/\/blogs.correiobraziliense.com.br\/servidor\/wp-json\/wp\/v2\/users\/27"}],"replies":[{"embeddable":true,"href":"https:\/\/blogs.correiobraziliense.com.br\/servidor\/wp-json\/wp\/v2\/comments?post=1292"}],"version-history":[{"count":1,"href":"https:\/\/blogs.correiobraziliense.com.br\/servidor\/wp-json\/wp\/v2\/posts\/1292\/revisions"}],"predecessor-version":[{"id":1293,"href":"https:\/\/blogs.correiobraziliense.com.br\/servidor\/wp-json\/wp\/v2\/posts\/1292\/revisions\/1293"}],"wp:attachment":[{"href":"https:\/\/blogs.correiobraziliense.com.br\/servidor\/wp-json\/wp\/v2\/media?parent=1292"}],"wp:term":[{"taxonomy":"category","embeddable":true,"href":"https:\/\/blogs.correiobraziliense.com.br\/servidor\/wp-json\/wp\/v2\/categories?post=1292"},{"taxonomy":"post_tag","embeddable":true,"href":"https:\/\/blogs.correiobraziliense.com.br\/servidor\/wp-json\/wp\/v2\/tags?post=1292"}],"curies":[{"name":"wp","href":"https:\/\/api.w.org\/{rel}","templated":true}]}}