{"id":12916,"date":"2019-06-19T16:11:10","date_gmt":"2019-06-19T19:11:10","guid":{"rendered":"https:\/\/blogs.correiobraziliense.com.br\/servidor\/?p=12916"},"modified":"2019-06-19T16:11:10","modified_gmt":"2019-06-19T19:11:10","slug":"sinprofaz-lanca-diagnostico-inedito-dos-procuradores-da-fazenda-nacional","status":"publish","type":"post","link":"https:\/\/blogs.correiobraziliense.com.br\/servidor\/sinprofaz-lanca-diagnostico-inedito-dos-procuradores-da-fazenda-nacional\/","title":{"rendered":"Sinprofaz lan\u00e7a diagn\u00f3stico in\u00e9dito dos Procuradores da Fazenda Nacional"},"content":{"rendered":"<p><em>A carreira atua no combate \u00e0 sonega\u00e7\u00e3o fiscal e tribut\u00e1ria no pa\u00eds. No ano passado, devolveu aos cofres p\u00fablicos R$ 23,9 bilh\u00f5es.\u00a0Segundo o diagn\u00f3stico, a maior parte dos procuradores est\u00e1 na faixa dos 31 e 40 anos, 62,15% s\u00e3o do sexo masculino, casados, com um filho, em m\u00e9dia, e 81% j\u00e1 s\u00e3o p\u00f3s-graduados, mestres ou doutores<\/em><\/p>\n<p>O Sindicato Nacional dos Procuradores da Fazenda Nacional (Sinprofaz) acaba de consolidar o Primeiro Diagn\u00f3stico da Carreira de Procurador da Fazenda Nacional. O estudo in\u00e9dito traz o retrato dos mais de 2 mil procuradores da Fazenda Nacional em atividade, distribu\u00eddos nas diversas unidades de atendimento por todo o Pa\u00eds.<\/p>\n<p>Al\u00e9m disso, o levantamento vai permitir que todos conhe\u00e7am a atua\u00e7\u00e3o dos profissionais respons\u00e1veis pela cobran\u00e7a da D\u00edvida Ativa da Uni\u00e3o. Apenas no primeiro semestre deste ano, no \u00e2mbito federal, R$ 262 bilh\u00f5es foram sonegados em tributos, segundo o Sinprofaz. No ano passado, a carreira conseguiu devolver aos cofres p\u00fablicos R$ 23,9 bilh\u00f5es, &#8220;o que demonstra como \u00e9 essencial combater a sonega\u00e7\u00e3o e fortalecer \u00f3rg\u00e3os como a Procuradoria da Fazenda Nacional&#8221;, destaca a entidade.<\/p>\n<p>&#8220;Os n\u00fameros desmedidos da sonega\u00e7\u00e3o fiscal e os resultados do Diagn\u00f3stico refor\u00e7am a necessidade de fortalecimento dos instrumentos de combate. Os Procuradores da Fazenda Nacional trabalham com ac\u00famulo de processos, sem carreira de apoio e recursos tecnol\u00f3gicos e sistemas de informa\u00e7\u00e3o defasados&#8221;, aponta o diagn\u00f3stico.<\/p>\n<p>\u201cO Diagn\u00f3stico \u00e9 uma fotografia da carreira e nos ajudar\u00e1 a entender o perfil e as condi\u00e7\u00f5es de trabalho dos procuradores da Fazenda Nacional, bem como contribuir para o fortalecimento e qualidade do servi\u00e7o p\u00fablico prestado pela Procuradoria-Geral da Fazenda Nacional \u00e0 sociedade\u201d, pontua Achilles Frias, presidente do Snprofaz.<\/p>\n<p><strong>Sobre o estudo<\/strong><\/p>\n<p>Segundo a amostra analisada, a maior parte dos procuradores est\u00e1 na faixa dos 31 e 40 anos de idade, sugerindo um perfil substancialmente jovem quando observado sob o ponto de vista da for\u00e7a de trabalho no servi\u00e7o p\u00fablico.<\/p>\n<p>Al\u00e9m disso, de acordo com o diagn\u00f3stico, 62,15% s\u00e3o do sexo masculino, a maior concentra\u00e7\u00e3o dos profissionais \u00e9 casada com uma m\u00e9dia de um filho por procurador e 81% j\u00e1 s\u00e3o p\u00f3s-graduados, mestres ou doutores.<br \/>\nVerificou-se, tamb\u00e9m, que a carreira n\u00e3o \u00e9 formada por profissionais iniciantes, uma vez que 81% dos pesquisados exerceram atividade na \u00e1rea jur\u00eddica anteriormente.<\/p>\n<p>O levantamento aponta, ainda, os principais desafios da carreira, como a melhoria em estrutura e quadro de servidores de apoio.<\/p>\n<ul>\n<li><strong>Evento no Congresso Nacional<\/strong><\/li>\n<\/ul>\n<p>Posteriormente ao lan\u00e7amento oficial, que acontece hoje (19), o Sinprofaz far\u00e1 um evento de apresenta\u00e7\u00e3o do Diagn\u00f3stico ao Congresso Nacional. O estudo ser\u00e1 apresentado aos parlamentares e \u00e0 carreira, no dia 3 de julho, \u00e0s 8h, no Restaurante-Escola Senac, na C\u00e2mara dos Deputados, Anexo IV, 10\u00ba Andar.<\/p>\n","protected":false},"excerpt":{"rendered":"<p>A carreira atua no combate \u00e0 sonega\u00e7\u00e3o fiscal e tribut\u00e1ria no pa\u00eds. No ano passado, devolveu aos cofres p\u00fablicos R$ 23,9 bilh\u00f5es.\u00a0Segundo o diagn\u00f3stico, a maior parte dos procuradores est\u00e1 na faixa dos 31 e 40 anos, 62,15% s\u00e3o do sexo masculino, casados, com um filho, em m\u00e9dia, e 81% j\u00e1 s\u00e3o p\u00f3s-graduados, mestres ou doutores O Sindicato Nacional dos [&hellip;]<\/p>\n","protected":false},"author":27,"featured_media":0,"comment_status":"open","ping_status":"closed","sticky":false,"template":"","format":"standard","meta":{"footnotes":""},"categories":[2719],"tags":[3454,188,1051,204,15498,8908,15499,11150,4395,11151,12861,1235,2175,961,1750],"class_list":["post-12916","post","type-post","status-publish","format-standard","hentry","category-servidor","tag-atividade","tag-carreira","tag-cofres-publicos","tag-combate","tag-devolucao-cofres-publicos","tag-diagnostico","tag-diapfn","tag-doutores","tag-fazenda-nacional","tag-mestres","tag-pfn","tag-procuradores","tag-sinprofaz","tag-sistema","tag-sonegacao"],"_links":{"self":[{"href":"https:\/\/blogs.correiobraziliense.com.br\/servidor\/wp-json\/wp\/v2\/posts\/12916","targetHints":{"allow":["GET"]}}],"collection":[{"href":"https:\/\/blogs.correiobraziliense.com.br\/servidor\/wp-json\/wp\/v2\/posts"}],"about":[{"href":"https:\/\/blogs.correiobraziliense.com.br\/servidor\/wp-json\/wp\/v2\/types\/post"}],"author":[{"embeddable":true,"href":"https:\/\/blogs.correiobraziliense.com.br\/servidor\/wp-json\/wp\/v2\/users\/27"}],"replies":[{"embeddable":true,"href":"https:\/\/blogs.correiobraziliense.com.br\/servidor\/wp-json\/wp\/v2\/comments?post=12916"}],"version-history":[{"count":1,"href":"https:\/\/blogs.correiobraziliense.com.br\/servidor\/wp-json\/wp\/v2\/posts\/12916\/revisions"}],"predecessor-version":[{"id":12917,"href":"https:\/\/blogs.correiobraziliense.com.br\/servidor\/wp-json\/wp\/v2\/posts\/12916\/revisions\/12917"}],"wp:attachment":[{"href":"https:\/\/blogs.correiobraziliense.com.br\/servidor\/wp-json\/wp\/v2\/media?parent=12916"}],"wp:term":[{"taxonomy":"category","embeddable":true,"href":"https:\/\/blogs.correiobraziliense.com.br\/servidor\/wp-json\/wp\/v2\/categories?post=12916"},{"taxonomy":"post_tag","embeddable":true,"href":"https:\/\/blogs.correiobraziliense.com.br\/servidor\/wp-json\/wp\/v2\/tags?post=12916"}],"curies":[{"name":"wp","href":"https:\/\/api.w.org\/{rel}","templated":true}]}}