{"id":12911,"date":"2019-06-19T11:55:57","date_gmt":"2019-06-19T14:55:57","guid":{"rendered":"https:\/\/blogs.correiobraziliense.com.br\/servidor\/?p=12911"},"modified":"2019-06-19T12:17:36","modified_gmt":"2019-06-19T15:17:36","slug":"aafit-nota-de-agradecimento","status":"publish","type":"post","link":"https:\/\/blogs.correiobraziliense.com.br\/servidor\/aafit-nota-de-agradecimento\/","title":{"rendered":"Aafit &#8211; Nota de agradecimento"},"content":{"rendered":"<p>A AAFIT\/SP &#8211; Associa\u00e7\u00e3o dos Auditores Fiscais Tribut\u00e1rios de S\u00e3o Paulo, entidade que representa a carreira t\u00edpica de estado respons\u00e1vel pela arrecada\u00e7\u00e3o de cerca de 25% dos tributos de compet\u00eancia pr\u00f3pria dos Munic\u00edpios do Brasil, vem externar sua enorme satisfa\u00e7\u00e3o pelo estrondoso sucesso alcan\u00e7ado na realiza\u00e7\u00e3o do X SENAM &#8211; Semin\u00e1rio Nacional de Gest\u00e3o Fiscal Municipal, ocorrido entre os dias 12 e 14 de junho, no Centro de Conven\u00e7\u00f5es do Hotel Maksoud Plaza.<\/p>\n<p>Ao longo do evento, foram realizadas 47 apresenta\u00e7\u00f5es, com a participa\u00e7\u00e3o de mais de 60 palestrantes e debatedores convidados, inclusive internacionais. Ressaltamos que todas as palestras e pain\u00e9is foram devidamente documentados, e j\u00e1 est\u00e3o em processo de edi\u00e7\u00e3o.<\/p>\n<p>O SENAM disponibilizou ainda 3 livros aos participantes, com material pr\u00e1tico e acad\u00eamico de grande valor. Durante o Coquetel e Jantar, oferecidos no segundo dia, realizamos a entrega dos cheques aos autores dos quatro artigos vencedores do Pr\u00eamio SENAM de Excel\u00eancia 2019, nas categorias Gest\u00e3o Tribut\u00e1ria e Gest\u00e3o Or\u00e7ament\u00e1ria e do Gasto Publico.<\/p>\n<p>De fato, o evento se consolidou como o maior encontro da Am\u00e9rica Latina sobre Tributa\u00e7\u00e3o, Or\u00e7amento e Gasto Publico para as Cidades.<\/p>\n<p>Mas nada disso faria sentido sem a participa\u00e7\u00e3o do p\u00fablico que prestigiou e abrilhantou o Semin\u00e1rio. Prefeitos, Juristas, Magistrados, Parlametares, Secret\u00e1rios de Fazenda, Auditores Fiscais Tribut\u00e1rios das tr\u00eas esferas, de todas as partes do Brasil, al\u00e9m de membros de destaque dos meios acad\u00eamico e empresarial, foram respons\u00e1veis pela sinergia criada ao longo dos tr\u00eas dias.<\/p>\n<p>\u00c0 Editora Quartier Latin e a todos os nossos apoiadores, ACMSP, AFRESP, ANAFISCO, ANFIP, BLOG DO AFTM, CCiF, CIAT, CONACATE, FEBRAFITE, SINAFRESP, SINDAF\/SP e SINDIFISCO NACIONAL, registramos a import\u00e2ncia de estarmos juntos, mais uma vez. O momento \u00e9 fundamental para o Brasil, principalmente no que tange \u00e0s Reformas Constitucionais que se avizinham.<br \/>\nMuito obrigado pela parceria!<\/p>\n<p>Por fim, agradecemos aos Patrocinadores NOTA CONTROL, DIGITAL GLOBE, INDEPAD e FIPE pela confian\u00e7a depositada na organiza\u00e7\u00e3o de um evento deste porte.<\/p>\n<p>Fica aqui o nosso &#8220;at\u00e9 breve&#8221; para 2021, quando nos encontraremos no XI SENAM.<\/p>\n<p>Um grande abra\u00e7o aos mais de 400 participantes do nosso Semin\u00e1rio!<\/p>\n<p>H\u00e9lio Campos Freire<br \/>\nPresidente da AAFIT\/SP;<\/p>\n<p>Alberto Macedo<br \/>\nCoordenador Cientifico do X SENAM;<\/p>\n<p>Rafael Aguirrez\u00e1bal<br \/>\nCoordenador Geral do X SENAM.<\/p>\n","protected":false},"excerpt":{"rendered":"<p>A AAFIT\/SP &#8211; Associa\u00e7\u00e3o dos Auditores Fiscais Tribut\u00e1rios de S\u00e3o Paulo, entidade que representa a carreira t\u00edpica de estado respons\u00e1vel pela arrecada\u00e7\u00e3o de cerca de 25% dos tributos de compet\u00eancia pr\u00f3pria dos Munic\u00edpios do Brasil, vem externar sua enorme satisfa\u00e7\u00e3o pelo estrondoso sucesso alcan\u00e7ado na realiza\u00e7\u00e3o do X SENAM &#8211; Semin\u00e1rio Nacional de Gest\u00e3o Fiscal Municipal, ocorrido entre os dias [&hellip;]<\/p>\n","protected":false},"author":27,"featured_media":0,"comment_status":"open","ping_status":"closed","sticky":false,"template":"","format":"standard","meta":{"footnotes":""},"categories":[2719],"tags":[15491,38,946,648,15492,15494,15493,1994,1669,267],"class_list":["post-12911","post","type-post","status-publish","format-standard","hentry","category-servidor","tag-aafit","tag-agradecimento","tag-arrecadacao","tag-auditores-fiscais","tag-carrreira-de-estado","tag-gasto-publico","tag-gestao-tributaria","tag-orcamentaria","tag-participantes","tag-seminario"],"_links":{"self":[{"href":"https:\/\/blogs.correiobraziliense.com.br\/servidor\/wp-json\/wp\/v2\/posts\/12911","targetHints":{"allow":["GET"]}}],"collection":[{"href":"https:\/\/blogs.correiobraziliense.com.br\/servidor\/wp-json\/wp\/v2\/posts"}],"about":[{"href":"https:\/\/blogs.correiobraziliense.com.br\/servidor\/wp-json\/wp\/v2\/types\/post"}],"author":[{"embeddable":true,"href":"https:\/\/blogs.correiobraziliense.com.br\/servidor\/wp-json\/wp\/v2\/users\/27"}],"replies":[{"embeddable":true,"href":"https:\/\/blogs.correiobraziliense.com.br\/servidor\/wp-json\/wp\/v2\/comments?post=12911"}],"version-history":[{"count":2,"href":"https:\/\/blogs.correiobraziliense.com.br\/servidor\/wp-json\/wp\/v2\/posts\/12911\/revisions"}],"predecessor-version":[{"id":12915,"href":"https:\/\/blogs.correiobraziliense.com.br\/servidor\/wp-json\/wp\/v2\/posts\/12911\/revisions\/12915"}],"wp:attachment":[{"href":"https:\/\/blogs.correiobraziliense.com.br\/servidor\/wp-json\/wp\/v2\/media?parent=12911"}],"wp:term":[{"taxonomy":"category","embeddable":true,"href":"https:\/\/blogs.correiobraziliense.com.br\/servidor\/wp-json\/wp\/v2\/categories?post=12911"},{"taxonomy":"post_tag","embeddable":true,"href":"https:\/\/blogs.correiobraziliense.com.br\/servidor\/wp-json\/wp\/v2\/tags?post=12911"}],"curies":[{"name":"wp","href":"https:\/\/api.w.org\/{rel}","templated":true}]}}