{"id":12907,"date":"2019-06-19T10:17:00","date_gmt":"2019-06-19T13:17:00","guid":{"rendered":"https:\/\/blogs.correiobraziliense.com.br\/servidor\/?p=12907"},"modified":"2019-06-19T10:17:00","modified_gmt":"2019-06-19T13:17:00","slug":"tcu-nao-atesta-confiabilidade-das-demonstracoes-contabeis-da-receita-federal","status":"publish","type":"post","link":"https:\/\/blogs.correiobraziliense.com.br\/servidor\/tcu-nao-atesta-confiabilidade-das-demonstracoes-contabeis-da-receita-federal\/","title":{"rendered":"TCU n\u00e3o atesta confiabilidade das demonstra\u00e7\u00f5es cont\u00e1beis da Receita Federal"},"content":{"rendered":"<p><em>A confiabilidade e transpar\u00eancias das demonstra\u00e7\u00f5es cont\u00e1beis do Minist\u00e9rio da Fazenda (atual Minist\u00e9rio da Economia), relativas a 2018, n\u00e3o puderam ser atestadas pelo Tribunal de Contas da Uni\u00e3o (TCU)<\/em><\/p>\n<p>Auditoria financeira criada para avaliar essas contas esbarrou na dificuldade de acesso a dados da Receita Federal. Diante disso, o Tribunal emitiu relat\u00f3rio com absten\u00e7\u00e3o de conclus\u00e3o. A persist\u00eancia do problema pode levar \u00e0 reprova\u00e7\u00e3o das contas do governo em 2019.<\/p>\n<p>Houve, de acordo com o TCU, &#8220;impossibilidade de obten\u00e7\u00e3o de evid\u00eancias suficientes para a conclus\u00e3o dos trabalhos relativos \u00e0 an\u00e1lise das demonstra\u00e7\u00f5es financeiras em 37% do ativo, que representa R$ 1,2 trilh\u00e3o, e em 48% da receita or\u00e7ament\u00e1ria realizada, equivalente a R$ 888,45 bilh\u00f5es&#8221;.<\/p>\n<p>O relat\u00f3rio est\u00e1 inclu\u00eddo nas contas de governo julgadas e aprovadas com ressalvas, na sess\u00e3o de quarta-feira (12), e entregue ao presidente do Senado, Davi Alcolumbre, no mesmo dia<\/p>\n","protected":false},"excerpt":{"rendered":"<p>A confiabilidade e transpar\u00eancias das demonstra\u00e7\u00f5es cont\u00e1beis do Minist\u00e9rio da Fazenda (atual Minist\u00e9rio da Economia), relativas a 2018, n\u00e3o puderam ser atestadas pelo Tribunal de Contas da Uni\u00e3o (TCU) Auditoria financeira criada para avaliar essas contas esbarrou na dificuldade de acesso a dados da Receita Federal. Diante disso, o Tribunal emitiu relat\u00f3rio com absten\u00e7\u00e3o de conclus\u00e3o. A persist\u00eancia do problema [&hellip;]<\/p>\n","protected":false},"author":27,"featured_media":0,"comment_status":"open","ping_status":"closed","sticky":false,"template":"","format":"standard","meta":{"footnotes":""},"categories":[2719],"tags":[2515,3222,2278,167,15489,98,294,15490,4031,696,635],"class_list":["post-12907","post","type-post","status-publish","format-standard","hentry","category-servidor","tag-ativo","tag-auditoria","tag-contas","tag-dados","tag-demonstracao-financeira","tag-governo","tag-receita-federal","tag-receita-orcamentaria","tag-relatorio","tag-senado","tag-tcu"],"_links":{"self":[{"href":"https:\/\/blogs.correiobraziliense.com.br\/servidor\/wp-json\/wp\/v2\/posts\/12907","targetHints":{"allow":["GET"]}}],"collection":[{"href":"https:\/\/blogs.correiobraziliense.com.br\/servidor\/wp-json\/wp\/v2\/posts"}],"about":[{"href":"https:\/\/blogs.correiobraziliense.com.br\/servidor\/wp-json\/wp\/v2\/types\/post"}],"author":[{"embeddable":true,"href":"https:\/\/blogs.correiobraziliense.com.br\/servidor\/wp-json\/wp\/v2\/users\/27"}],"replies":[{"embeddable":true,"href":"https:\/\/blogs.correiobraziliense.com.br\/servidor\/wp-json\/wp\/v2\/comments?post=12907"}],"version-history":[{"count":1,"href":"https:\/\/blogs.correiobraziliense.com.br\/servidor\/wp-json\/wp\/v2\/posts\/12907\/revisions"}],"predecessor-version":[{"id":12908,"href":"https:\/\/blogs.correiobraziliense.com.br\/servidor\/wp-json\/wp\/v2\/posts\/12907\/revisions\/12908"}],"wp:attachment":[{"href":"https:\/\/blogs.correiobraziliense.com.br\/servidor\/wp-json\/wp\/v2\/media?parent=12907"}],"wp:term":[{"taxonomy":"category","embeddable":true,"href":"https:\/\/blogs.correiobraziliense.com.br\/servidor\/wp-json\/wp\/v2\/categories?post=12907"},{"taxonomy":"post_tag","embeddable":true,"href":"https:\/\/blogs.correiobraziliense.com.br\/servidor\/wp-json\/wp\/v2\/tags?post=12907"}],"curies":[{"name":"wp","href":"https:\/\/api.w.org\/{rel}","templated":true}]}}