{"id":12899,"date":"2019-06-18T21:10:31","date_gmt":"2019-06-19T00:10:31","guid":{"rendered":"https:\/\/blogs.correiobraziliense.com.br\/servidor\/?p=12899"},"modified":"2019-06-18T21:10:31","modified_gmt":"2019-06-19T00:10:31","slug":"com-participacao-de-82-da-categoria-membros-do-mpf-elegem-lista-triplice-para-pgr","status":"publish","type":"post","link":"https:\/\/blogs.correiobraziliense.com.br\/servidor\/com-participacao-de-82-da-categoria-membros-do-mpf-elegem-lista-triplice-para-pgr\/","title":{"rendered":"Com participa\u00e7\u00e3o de 82% da categoria, membros do MPF elegem lista tr\u00edplice para PGR"},"content":{"rendered":"<p><em>Os nomes de M\u00e1rio Bonsaglia, Luiza Frischeisen e Blal Dalloul ser\u00e3o encaminhados \u00e0 Presid\u00eancia<\/em><\/p>\n<p>Pouco mais de 82% dos membros do Minist\u00e9rio P\u00fablico Federal de todo o pa\u00eds escolheram M\u00e1rio Bonsaglia, Luiza Frischeisen e Blal Dalloul para formar a lista tr\u00edplice ao cargo de procurador-geral da Rep\u00fablica (PGR). O resultado foi divulgado nesta ter\u00e7a-feira (18), \u00e0s 18h35, logo ap\u00f3s o t\u00e9rmino da elei\u00e7\u00e3o, feita pela Associa\u00e7\u00e3o Nacional dos Procuradores da Rep\u00fablica(ANPR), nesta ter\u00e7a-feira (18).<\/p>\n<p>Os nomes mais votados ser\u00e3o encaminhados ao presidente da Rep\u00fablica, que indicar\u00e1 ao Senado quem deve assumir o posto. O escolhido passar\u00e1 por sabatina na Comiss\u00e3o de Constitui\u00e7\u00e3o, Justi\u00e7a e Cidadania e, depois, por vota\u00e7\u00e3o, no plen\u00e1rio da Casa. Caso seja aprovado, ser\u00e1 nomeado por Jair Bolsonaro.<\/p>\n<p>O subprocurador-geral da Rep\u00fablica M\u00e1rio Bonsaglia foi o mais votado pela carreira, com 478 votos; em seguida, a subprocuradora-geral da Rep\u00fablica Luiza Frischeisen (423); o terceiro foi o procurador regional da Rep\u00fablica Blal Dalloul (422). O sistema de vota\u00e7\u00e3o passou por auditoria com a presen\u00e7a da Comiss\u00e3o Eleitoral e tamb\u00e9m de representantes dos candidatos, o que garantiu a idoneidade do processo.<\/p>\n<p>A elei\u00e7\u00e3o foi nas unidades do Minist\u00e9rio P\u00fablico Federal em todo o pa\u00eds. Ao todo, 946 membros participaram da elei\u00e7\u00e3o, 82,5% da categoria. Cada um p\u00f4de votar em at\u00e9 tr\u00eas candidatos. \u201cApesar de o voto ser facultativo, houve uma intensa mobiliza\u00e7\u00e3o dos membros do Minist\u00e9rio P\u00fablico Federal no dia de hoje. Numa institui\u00e7\u00e3o que tem entre as suas miss\u00f5es fundamentais a defesa do regime democr\u00e1tico, \u00e9 muito importante a celebra\u00e7\u00e3o da pr\u00f3pria democracia interna. A lista tr\u00edplice permite a identifica\u00e7\u00e3o de tr\u00eas l\u00edderes institucionais com capacidade de conduzir a nossa institui\u00e7\u00e3o no cumprimento de nossas miss\u00f5es, garantindo, assim, a mobiliza\u00e7\u00e3o de toda a carreira em torno dessas lideran\u00e7as\u201d, destacou F\u00e1bio George Cruz da N\u00f3brega, presidente da ANPR.<\/p>\n<p>A lista tr\u00edplice foi acatada por todos os presidentes da Rep\u00fablica nos \u00faltimos dezesseis anos, tornando-se um costume constitucional. Nesse per\u00edodo, assumiram o posto de PGR membros do MPF, honrando os compromissos com a carreira e com a sociedade, Cl\u00e1udio Lemos Fonteles, Ant\u00f4nio Fernando Barros e Silva deSouza, Roberto Monteiro Gurgel Santos, Rodrigo Janot Monteiro de Barros e Raquel Elias Ferreira Dodge. Este ano, dez membros do MPF concorreram \u00e0 lista tr\u00edplice para PGR, o maior n\u00famero desde que a lista passou a ser elaborada no atual formato, em 2003.<\/p>\n","protected":false},"excerpt":{"rendered":"<p>Os nomes de M\u00e1rio Bonsaglia, Luiza Frischeisen e Blal Dalloul ser\u00e3o encaminhados \u00e0 Presid\u00eancia Pouco mais de 82% dos membros do Minist\u00e9rio P\u00fablico Federal de todo o pa\u00eds escolheram M\u00e1rio Bonsaglia, Luiza Frischeisen e Blal Dalloul para formar a lista tr\u00edplice ao cargo de procurador-geral da Rep\u00fablica (PGR). O resultado foi divulgado nesta ter\u00e7a-feira (18), \u00e0s 18h35, logo ap\u00f3s o [&hellip;]<\/p>\n","protected":false},"author":27,"featured_media":0,"comment_status":"open","ping_status":"closed","sticky":false,"template":"","format":"standard","meta":{"footnotes":""},"categories":[2719],"tags":[4959,3222,178,2187,106,764,417,2706,548,2776,5166,696,15485,7117],"class_list":["post-12899","post","type-post","status-publish","format-standard","hentry","category-servidor","tag-anpr","tag-auditoria","tag-candidatos","tag-ccj","tag-eleicao","tag-lista-triplice","tag-ministerio-publico","tag-nomeado","tag-pgr","tag-plenario","tag-presidente-da-republica","tag-senado","tag-voado","tag-voto"],"_links":{"self":[{"href":"https:\/\/blogs.correiobraziliense.com.br\/servidor\/wp-json\/wp\/v2\/posts\/12899","targetHints":{"allow":["GET"]}}],"collection":[{"href":"https:\/\/blogs.correiobraziliense.com.br\/servidor\/wp-json\/wp\/v2\/posts"}],"about":[{"href":"https:\/\/blogs.correiobraziliense.com.br\/servidor\/wp-json\/wp\/v2\/types\/post"}],"author":[{"embeddable":true,"href":"https:\/\/blogs.correiobraziliense.com.br\/servidor\/wp-json\/wp\/v2\/users\/27"}],"replies":[{"embeddable":true,"href":"https:\/\/blogs.correiobraziliense.com.br\/servidor\/wp-json\/wp\/v2\/comments?post=12899"}],"version-history":[{"count":1,"href":"https:\/\/blogs.correiobraziliense.com.br\/servidor\/wp-json\/wp\/v2\/posts\/12899\/revisions"}],"predecessor-version":[{"id":12900,"href":"https:\/\/blogs.correiobraziliense.com.br\/servidor\/wp-json\/wp\/v2\/posts\/12899\/revisions\/12900"}],"wp:attachment":[{"href":"https:\/\/blogs.correiobraziliense.com.br\/servidor\/wp-json\/wp\/v2\/media?parent=12899"}],"wp:term":[{"taxonomy":"category","embeddable":true,"href":"https:\/\/blogs.correiobraziliense.com.br\/servidor\/wp-json\/wp\/v2\/categories?post=12899"},{"taxonomy":"post_tag","embeddable":true,"href":"https:\/\/blogs.correiobraziliense.com.br\/servidor\/wp-json\/wp\/v2\/tags?post=12899"}],"curies":[{"name":"wp","href":"https:\/\/api.w.org\/{rel}","templated":true}]}}