{"id":12881,"date":"2019-06-14T12:52:11","date_gmt":"2019-06-14T15:52:11","guid":{"rendered":"https:\/\/blogs.correiobraziliense.com.br\/servidor\/?p=12881"},"modified":"2019-06-14T12:52:11","modified_gmt":"2019-06-14T15:52:11","slug":"nota-da-forca-sindical-sobre-a-greve-geral","status":"publish","type":"post","link":"https:\/\/blogs.correiobraziliense.com.br\/servidor\/nota-da-forca-sindical-sobre-a-greve-geral\/","title":{"rendered":"Nota da For\u00e7a Sindical sobre a greve geral"},"content":{"rendered":"<p><em>&#8220;Mais de 45 milh\u00f5es de trabalhadores participaram dos atos<\/em><\/p>\n<p>A dire\u00e7\u00e3o da For\u00e7a Sindical considera que os atos, paralisa\u00e7\u00f5es e greves, organizados pelas entidades sindicais e movimentos sociais, ocorridos em milhares de cidades do Pa\u00eds, atingiram o objetivo de alertar a sociedade e o Congresso Nacional sobre a nefasta proposta do governo de reforma da Previd\u00eancia.<\/p>\n<p>Vale afirmar que mais de 45 milh\u00f5es de trabalhadores participaram dos atos e manifesta\u00e7\u00f5es em todo o Brasil.<\/p>\n<p>Os trabalhadores demonstraram sua disposi\u00e7\u00e3o em combater o desmonte da Previd\u00eancia Social. Vale ressaltar que a paralisa\u00e7\u00e3o teve ades\u00e3o nas f\u00e1bricas, escolas, \u00f3rg\u00e3os p\u00fablicos, bancos, transportes urbanos, portos e outros setores da economia e teve o apoio de entidades da sociedade civil, al\u00e9m do enorme apoio da popula\u00e7\u00e3o, desde as grandes capitais at\u00e9 pequenas cidades do interior.<\/p>\n<p>A reforma do governo n\u00e3o combate as desigualdades, nem os privil\u00e9gios. A reforma prejudica os mais pobres. O governo quer que os trabalhadores contribuam mais e recebam um benef\u00edcio menor.<\/p>\n<p>Vamos continuar nossa luta contra a proposta do governo de reforma da Previd\u00eancia, por mais empregos e mais investimentos em educa\u00e7\u00e3o.<\/p>\n<p>Dia 14 de junho \u00e9 um dia hist\u00f3rico na luta pelos direitos dos trabalhadores e por um Brasil mais justo e igualit\u00e1rio.<\/p>\n<p>Miguel Torres<br \/>\nPresidente da For\u00e7a Sindical&#8221;<\/p>\n","protected":false},"excerpt":{"rendered":"<p>&#8220;Mais de 45 milh\u00f5es de trabalhadores participaram dos atos A dire\u00e7\u00e3o da For\u00e7a Sindical considera que os atos, paralisa\u00e7\u00f5es e greves, organizados pelas entidades sindicais e movimentos sociais, ocorridos em milhares de cidades do Pa\u00eds, atingiram o objetivo de alertar a sociedade e o Congresso Nacional sobre a nefasta proposta do governo de reforma da Previd\u00eancia. Vale afirmar que mais [&hellip;]<\/p>\n","protected":false},"author":27,"featured_media":0,"comment_status":"open","ping_status":"closed","sticky":false,"template":"","format":"standard","meta":{"footnotes":""},"categories":[2719],"tags":[6518,693,11845,870,1801,498,545,1603,955,9727,351,19],"class_list":["post-12881","post","type-post","status-publish","format-standard","hentry","category-servidor","tag-cidades","tag-congresso-nacional","tag-desigualdades","tag-forca-sindical","tag-greve-geral","tag-paralisacoes","tag-populacao","tag-previdencia-social","tag-privilegios","tag-reforma-da-previdencia","tag-sociedade","tag-trabalhadores"],"_links":{"self":[{"href":"https:\/\/blogs.correiobraziliense.com.br\/servidor\/wp-json\/wp\/v2\/posts\/12881","targetHints":{"allow":["GET"]}}],"collection":[{"href":"https:\/\/blogs.correiobraziliense.com.br\/servidor\/wp-json\/wp\/v2\/posts"}],"about":[{"href":"https:\/\/blogs.correiobraziliense.com.br\/servidor\/wp-json\/wp\/v2\/types\/post"}],"author":[{"embeddable":true,"href":"https:\/\/blogs.correiobraziliense.com.br\/servidor\/wp-json\/wp\/v2\/users\/27"}],"replies":[{"embeddable":true,"href":"https:\/\/blogs.correiobraziliense.com.br\/servidor\/wp-json\/wp\/v2\/comments?post=12881"}],"version-history":[{"count":1,"href":"https:\/\/blogs.correiobraziliense.com.br\/servidor\/wp-json\/wp\/v2\/posts\/12881\/revisions"}],"predecessor-version":[{"id":12882,"href":"https:\/\/blogs.correiobraziliense.com.br\/servidor\/wp-json\/wp\/v2\/posts\/12881\/revisions\/12882"}],"wp:attachment":[{"href":"https:\/\/blogs.correiobraziliense.com.br\/servidor\/wp-json\/wp\/v2\/media?parent=12881"}],"wp:term":[{"taxonomy":"category","embeddable":true,"href":"https:\/\/blogs.correiobraziliense.com.br\/servidor\/wp-json\/wp\/v2\/categories?post=12881"},{"taxonomy":"post_tag","embeddable":true,"href":"https:\/\/blogs.correiobraziliense.com.br\/servidor\/wp-json\/wp\/v2\/tags?post=12881"}],"curies":[{"name":"wp","href":"https:\/\/api.w.org\/{rel}","templated":true}]}}