{"id":12867,"date":"2019-06-13T17:15:34","date_gmt":"2019-06-13T20:15:34","guid":{"rendered":"https:\/\/blogs.correiobraziliense.com.br\/servidor\/?p=12867"},"modified":"2019-06-13T19:10:59","modified_gmt":"2019-06-13T22:10:59","slug":"anasps-substituicao-na-geap-e-positiva-para-beneficiarios","status":"publish","type":"post","link":"https:\/\/blogs.correiobraziliense.com.br\/servidor\/anasps-substituicao-na-geap-e-positiva-para-beneficiarios\/","title":{"rendered":"Anasps: troca de presidente na Geap \u00e9 positiva para benefici\u00e1rios"},"content":{"rendered":"<p><em>O vice-presidente executivo da Associa\u00e7\u00e3o Nacional dos Servidores P\u00fabicos e da Seguridade Social, (Anasps), Paulo C\u00e9sar Regis de Souza, disse hoje que foi importante a decis\u00e3o do diretor-executivo da Geap, maior operadora de plano de sa\u00fade do funcionalismo, general Ricardo Figueiredo, de substituir o presidente do Conselho Deliberativo (Conad), Marcus Lima Franco, pelo membro titular do Conselho Fiscal, Scott Kartegeane Linhares Camelo<\/em><\/p>\n<p>Na ultima reuni\u00e3o do Conad, narra Regis de Souza, &#8220;o sr. Marcus Lima Franco, que servira ao grupo que comandava a Geap antes da chegada do general Ricardo Figueiredo, abusou de sua autoridade aprovando pelo &#8216;voto de minerva&#8217;, sem aceitar sugest\u00f5es e emendas, os novos estatutos da Geap, apesar da desaprova\u00e7\u00e3o dos tr\u00eas conselheiros representantes dos servidores&#8221;.<\/p>\n<p>O fato gerou um forte impasse no Conselho, pois Marcus Lima Franco, aponta o vice-presidente da Anasps, usou o nome do general para cometer arbitrariedades, &#8220;inclusive com documenta\u00e7\u00e3o nada confi\u00e1vel e amea\u00e7a de tirar os telefones celulares dos conselheiros efetivos e de dificultar a participa\u00e7\u00e3o os conselheiros suplentes&#8221;.<\/p>\n<p>Paulo Cesar Regis de Souza assinala que \u00e9 produtiva a a\u00e7\u00e3o do general Ricardo Figueiredo que em dois meses de gest\u00e3o reduziu em R$ 40 milh\u00f5es os custos administrativos e assistenciais, incluindo quatro contratos jur\u00eddicos que custariam R$ 23 milh\u00f5es. Outros contratos jur\u00eddicos milion\u00e1rios poder\u00e3o ser cancelados j\u00e1 que est\u00e3o sendo auditados pela empresa Grant Thorton.<\/p>\n<p>A Geap, informa Souza, confirmou que seu quadro de participantes baixou para 430 mil vidas, tendo perdido 20 mil nos primeiros seis meses do ano, principalmente com o aumento das contribui\u00e7\u00f5es e participa\u00e7\u00e3o dos servidores que n\u00e3o tiveram aumento nos seus sal\u00e1rios e muitos deles est\u00e3o inadimplentes.<\/p>\n","protected":false},"excerpt":{"rendered":"<p>O vice-presidente executivo da Associa\u00e7\u00e3o Nacional dos Servidores P\u00fabicos e da Seguridade Social, (Anasps), Paulo C\u00e9sar Regis de Souza, disse hoje que foi importante a decis\u00e3o do diretor-executivo da Geap, maior operadora de plano de sa\u00fade do funcionalismo, general Ricardo Figueiredo, de substituir o presidente do Conselho Deliberativo (Conad), Marcus Lima Franco, pelo membro titular do Conselho Fiscal, Scott Kartegeane [&hellip;]<\/p>\n","protected":false},"author":27,"featured_media":0,"comment_status":"open","ping_status":"closed","sticky":false,"template":"","format":"standard","meta":{"footnotes":""},"categories":[2719],"tags":[1055,337,6321,7054,3037,4267,250,2488,1568,12233,15462,1164,76,2411,2847,1053,1669,2317,30,58,15332],"class_list":["post-12867","post","type-post","status-publish","format-standard","hentry","category-servidor","tag-administrativos","tag-anasps","tag-arbitrariedades","tag-assistenciais","tag-autoridade","tag-conselheiros","tag-contratos","tag-contribuicoes","tag-custos","tag-diretor-executivo","tag-estatutos","tag-funcionalismo","tag-geap","tag-inadimplentes","tag-juridicos","tag-operadora","tag-participantes","tag-plano-de-saude","tag-salarios","tag-servidores","tag-voto-de-minerva"],"_links":{"self":[{"href":"https:\/\/blogs.correiobraziliense.com.br\/servidor\/wp-json\/wp\/v2\/posts\/12867","targetHints":{"allow":["GET"]}}],"collection":[{"href":"https:\/\/blogs.correiobraziliense.com.br\/servidor\/wp-json\/wp\/v2\/posts"}],"about":[{"href":"https:\/\/blogs.correiobraziliense.com.br\/servidor\/wp-json\/wp\/v2\/types\/post"}],"author":[{"embeddable":true,"href":"https:\/\/blogs.correiobraziliense.com.br\/servidor\/wp-json\/wp\/v2\/users\/27"}],"replies":[{"embeddable":true,"href":"https:\/\/blogs.correiobraziliense.com.br\/servidor\/wp-json\/wp\/v2\/comments?post=12867"}],"version-history":[{"count":3,"href":"https:\/\/blogs.correiobraziliense.com.br\/servidor\/wp-json\/wp\/v2\/posts\/12867\/revisions"}],"predecessor-version":[{"id":12874,"href":"https:\/\/blogs.correiobraziliense.com.br\/servidor\/wp-json\/wp\/v2\/posts\/12867\/revisions\/12874"}],"wp:attachment":[{"href":"https:\/\/blogs.correiobraziliense.com.br\/servidor\/wp-json\/wp\/v2\/media?parent=12867"}],"wp:term":[{"taxonomy":"category","embeddable":true,"href":"https:\/\/blogs.correiobraziliense.com.br\/servidor\/wp-json\/wp\/v2\/categories?post=12867"},{"taxonomy":"post_tag","embeddable":true,"href":"https:\/\/blogs.correiobraziliense.com.br\/servidor\/wp-json\/wp\/v2\/tags?post=12867"}],"curies":[{"name":"wp","href":"https:\/\/api.w.org\/{rel}","templated":true}]}}