{"id":12861,"date":"2019-06-13T15:06:38","date_gmt":"2019-06-13T18:06:38","guid":{"rendered":"https:\/\/blogs.correiobraziliense.com.br\/servidor\/?p=12861"},"modified":"2019-06-13T15:06:38","modified_gmt":"2019-06-13T18:06:38","slug":"centrais-sindicais-unidas-orientam-os-trabalhadores-para-a-greve-geral-de-amanha","status":"publish","type":"post","link":"https:\/\/blogs.correiobraziliense.com.br\/servidor\/centrais-sindicais-unidas-orientam-os-trabalhadores-para-a-greve-geral-de-amanha\/","title":{"rendered":"Centrais sindicais, unidas, orientam os trabalhadores para a greve geral de amanh\u00e3"},"content":{"rendered":"<p><em>A greve geral de 14 de junho tem como principais focos o rep\u00fadio \u00e0 reforma da Previd\u00eancia (PEC 06\/2019), em defesa do emprego e contra os cortes or\u00e7ament\u00e1rios na educa\u00e7\u00e3o. Para conscientizar os trabalhadores, s\u00e3o feitas v\u00e1rias orienta\u00e7\u00f5es para dar ainda mais credibilidade ao movimento\u00a0<\/em><\/p>\n<p><img loading=\"lazy\" decoding=\"async\" class=\"alignright size-large wp-image-12862\" src=\"https:\/\/blogs.correiobraziliense.com.br\/servidor\/wp-content\/uploads\/sites\/10\/2019\/06\/greve-geral-14-de-julho-473x1024.png\" alt=\"\" width=\"473\" height=\"1024\" \/><\/p>\n<p>Veja as dicas:<\/p>\n<p>&#8211; n\u00e3o v\u00e1 a nenhum mercado<br \/>\n&#8211; n\u00e3o v\u00e1 a farm\u00e1cias<br \/>\n&#8211; n\u00e3o marque consultas para essa data<br \/>\n&#8211; n\u00e3o v\u00e1 a padarias<br \/>\n&#8211; n\u00e3o v\u00e1 a restaurantes de qualquer esp\u00e9cie<br \/>\n&#8211; n\u00e3o compre nenhum m\u00f3vel, eletrodom\u00e9sticos, eletr\u00f4nicos<br \/>\n&#8211; n\u00e3o v\u00e1 a nenhum shopping, mesmo que seja s\u00f3 para a pra\u00e7a de alimenta\u00e7\u00e3o<br \/>\n&#8211; n\u00e3o v\u00e1 a lot\u00e9ricas<br \/>\n&#8211; n\u00e3o v\u00e1 a bancos<br \/>\n&#8211; n\u00e3o pague nenhuma conta<br \/>\n&#8211; n\u00e3o abaste\u00e7a seu carro justo nesse dia<br \/>\n&#8211; n\u00e3o v\u00e1 a academias<br \/>\n&#8211; n\u00e3o v\u00e1 a escola\/faculdade ou cursos de qualquer esp\u00e9cie<br \/>\n&#8211; n\u00e3o v\u00e1 a a\u00e7ougues<\/p>\n<p>Evite fazer estas a\u00e7\u00f5es mesmo que voc\u00ea n\u00e3o v\u00e1 trabalhar.<\/p>\n","protected":false},"excerpt":{"rendered":"<p>A greve geral de 14 de junho tem como principais focos o rep\u00fadio \u00e0 reforma da Previd\u00eancia (PEC 06\/2019), em defesa do emprego e contra os cortes or\u00e7ament\u00e1rios na educa\u00e7\u00e3o. Para conscientizar os trabalhadores, s\u00e3o feitas v\u00e1rias orienta\u00e7\u00f5es para dar ainda mais credibilidade ao movimento\u00a0 Veja as dicas: &#8211; n\u00e3o v\u00e1 a nenhum mercado &#8211; n\u00e3o v\u00e1 a farm\u00e1cias &#8211; [&hellip;]<\/p>\n","protected":false},"author":27,"featured_media":0,"comment_status":"open","ping_status":"closed","sticky":false,"template":"","format":"standard","meta":{"footnotes":""},"categories":[2719],"tags":[1101,2395,48,1801,318,14771,9727,19],"class_list":["post-12861","post","type-post","status-publish","format-standard","hentry","category-servidor","tag-centrais-sindicais","tag-cortes","tag-educacao","tag-greve-geral","tag-orcamento","tag-pec-06-2019","tag-reforma-da-previdencia","tag-trabalhadores"],"_links":{"self":[{"href":"https:\/\/blogs.correiobraziliense.com.br\/servidor\/wp-json\/wp\/v2\/posts\/12861","targetHints":{"allow":["GET"]}}],"collection":[{"href":"https:\/\/blogs.correiobraziliense.com.br\/servidor\/wp-json\/wp\/v2\/posts"}],"about":[{"href":"https:\/\/blogs.correiobraziliense.com.br\/servidor\/wp-json\/wp\/v2\/types\/post"}],"author":[{"embeddable":true,"href":"https:\/\/blogs.correiobraziliense.com.br\/servidor\/wp-json\/wp\/v2\/users\/27"}],"replies":[{"embeddable":true,"href":"https:\/\/blogs.correiobraziliense.com.br\/servidor\/wp-json\/wp\/v2\/comments?post=12861"}],"version-history":[{"count":1,"href":"https:\/\/blogs.correiobraziliense.com.br\/servidor\/wp-json\/wp\/v2\/posts\/12861\/revisions"}],"predecessor-version":[{"id":12863,"href":"https:\/\/blogs.correiobraziliense.com.br\/servidor\/wp-json\/wp\/v2\/posts\/12861\/revisions\/12863"}],"wp:attachment":[{"href":"https:\/\/blogs.correiobraziliense.com.br\/servidor\/wp-json\/wp\/v2\/media?parent=12861"}],"wp:term":[{"taxonomy":"category","embeddable":true,"href":"https:\/\/blogs.correiobraziliense.com.br\/servidor\/wp-json\/wp\/v2\/categories?post=12861"},{"taxonomy":"post_tag","embeddable":true,"href":"https:\/\/blogs.correiobraziliense.com.br\/servidor\/wp-json\/wp\/v2\/tags?post=12861"}],"curies":[{"name":"wp","href":"https:\/\/api.w.org\/{rel}","templated":true}]}}