{"id":12858,"date":"2019-06-13T14:53:54","date_gmt":"2019-06-13T17:53:54","guid":{"rendered":"https:\/\/blogs.correiobraziliense.com.br\/servidor\/?p=12858"},"modified":"2019-06-13T14:53:54","modified_gmt":"2019-06-13T17:53:54","slug":"fundos-de-pensao-fechados-lancam-plano-familiar-para-incrementar-operacoes","status":"publish","type":"post","link":"https:\/\/blogs.correiobraziliense.com.br\/servidor\/fundos-de-pensao-fechados-lancam-plano-familiar-para-incrementar-operacoes\/","title":{"rendered":"Fundos de pens\u00e3o fechados lan\u00e7am plano familiar para incrementar opera\u00e7\u00f5es"},"content":{"rendered":"<p><em>Os fundos de pens\u00e3o fechados apostam nos chamados \u201cplanos fam\u00edlia\u201d como forma de incrementar as opera\u00e7\u00f5es. Com o envelhecimento da popula\u00e7\u00e3o e a necessidade de chegar ao p\u00fablico mais jovem, as funda\u00e7\u00f5es miram os familiares dos atuais participantes para atrair filhos, netos e demais parentes<\/em><\/p>\n<p>A Viva Previd\u00eancia, entidade fechada de previd\u00eancia complementar, lan\u00e7ou ontem (12\/6) o Viva Futuro, plano familiar para os parentes de seus cerca de 50 mil benefici\u00e1rios. \u201cUm dos nossos principais desafios \u00e9 mostrar aos atuais participantes e a seus familiares a import\u00e2ncia do planejamento como forma de ter um futuro com qualidade de vida e independ\u00eancia financeira\u201d, afirma Silas Devai Jr, diretor presidente da Viva Previd\u00eancia.<\/p>\n<p>Segundo Luis Ricardo Marcondes Martins, presidente da Associa\u00e7\u00e3o Brasileira das Entidades Fechadas de Previd\u00eancia Complementar (Abrapp), cujos associados administram mais de R$ 800 bilh\u00f5es em recursos, planos como o Viva Futuro \u201cs\u00e3o fundamentais para o crescimento do sistema. Hoje, h\u00e1 uma demanda reprimida de participa\u00e7\u00e3o de familiares, de buscar um para prote\u00e7\u00e3o social adicional, \u00e0 luz do debate que vem sendo feito da reforma da Previd\u00eancia p\u00fablica\u201ddestaca, .<\/p>\n","protected":false},"excerpt":{"rendered":"<p>Os fundos de pens\u00e3o fechados apostam nos chamados \u201cplanos fam\u00edlia\u201d como forma de incrementar as opera\u00e7\u00f5es. Com o envelhecimento da popula\u00e7\u00e3o e a necessidade de chegar ao p\u00fablico mais jovem, as funda\u00e7\u00f5es miram os familiares dos atuais participantes para atrair filhos, netos e demais parentes A Viva Previd\u00eancia, entidade fechada de previd\u00eancia complementar, lan\u00e7ou ontem (12\/6) o Viva Futuro, plano [&hellip;]<\/p>\n","protected":false},"author":27,"featured_media":0,"comment_status":"open","ping_status":"closed","sticky":false,"template":"","format":"standard","meta":{"footnotes":""},"categories":[2719],"tags":[979,980,6626,2626,4335,153,9488,5264,686,3257,15255,15461,545,241],"class_list":["post-12858","post","type-post","status-publish","format-standard","hentry","category-servidor","tag-associados","tag-beneficiarios","tag-envelhecimento","tag-filhos","tag-fundacoes","tag-fundos-de-pensao","tag-jovem","tag-netos","tag-operacoes","tag-parentes","tag-participatnes","tag-planos-familia","tag-populacao","tag-publico"],"_links":{"self":[{"href":"https:\/\/blogs.correiobraziliense.com.br\/servidor\/wp-json\/wp\/v2\/posts\/12858","targetHints":{"allow":["GET"]}}],"collection":[{"href":"https:\/\/blogs.correiobraziliense.com.br\/servidor\/wp-json\/wp\/v2\/posts"}],"about":[{"href":"https:\/\/blogs.correiobraziliense.com.br\/servidor\/wp-json\/wp\/v2\/types\/post"}],"author":[{"embeddable":true,"href":"https:\/\/blogs.correiobraziliense.com.br\/servidor\/wp-json\/wp\/v2\/users\/27"}],"replies":[{"embeddable":true,"href":"https:\/\/blogs.correiobraziliense.com.br\/servidor\/wp-json\/wp\/v2\/comments?post=12858"}],"version-history":[{"count":1,"href":"https:\/\/blogs.correiobraziliense.com.br\/servidor\/wp-json\/wp\/v2\/posts\/12858\/revisions"}],"predecessor-version":[{"id":12859,"href":"https:\/\/blogs.correiobraziliense.com.br\/servidor\/wp-json\/wp\/v2\/posts\/12858\/revisions\/12859"}],"wp:attachment":[{"href":"https:\/\/blogs.correiobraziliense.com.br\/servidor\/wp-json\/wp\/v2\/media?parent=12858"}],"wp:term":[{"taxonomy":"category","embeddable":true,"href":"https:\/\/blogs.correiobraziliense.com.br\/servidor\/wp-json\/wp\/v2\/categories?post=12858"},{"taxonomy":"post_tag","embeddable":true,"href":"https:\/\/blogs.correiobraziliense.com.br\/servidor\/wp-json\/wp\/v2\/tags?post=12858"}],"curies":[{"name":"wp","href":"https:\/\/api.w.org\/{rel}","templated":true}]}}