{"id":12856,"date":"2019-06-12T20:21:49","date_gmt":"2019-06-12T23:21:49","guid":{"rendered":"https:\/\/blogs.correiobraziliense.com.br\/servidor\/?p=12856"},"modified":"2019-06-12T20:21:49","modified_gmt":"2019-06-12T23:21:49","slug":"hashtag-brasilsemtrabalhoinfantil-e-um-dos-assuntos-mais-comentados-do-twitter-nesta-quarta-feira-12","status":"publish","type":"post","link":"https:\/\/blogs.correiobraziliense.com.br\/servidor\/hashtag-brasilsemtrabalhoinfantil-e-um-dos-assuntos-mais-comentados-do-twitter-nesta-quarta-feira-12\/","title":{"rendered":"Hashtag #BrasilSemTrabalhoInfantil \u00e9 um dos assuntos mais comentados do Twitter nesta quarta-feira (12)"},"content":{"rendered":"<p><em>Campanha nacional da Justi\u00e7a do Trabalho mobilizou o pa\u00eds neste 12 de junho. O Dia Mundial de Combate ao Trabalho Infantil foi marcado por uma grande campanha digital do Tribunal Superior do Trabalho (TST) em conjunto com o Conselho Superior da Justi\u00e7a do Trabalho (CSJT) e os 24 Tribunais Regionais do Trabalho do pa\u00eds<\/em><\/p>\n<p>Coordenada pelo Programa de Combate ao Trabalho Infantil e de Est\u00edmulo \u00e0 Aprendizagem, a a\u00e7\u00e3o teve o objetivo de conscientizar a popula\u00e7\u00e3o dos riscos e das consequ\u00eancias da explora\u00e7\u00e3o do trabalho precoce. O twita\u00e7o, com a hashtag #BrasilSemTrabalhoInfantil, ficou entre os assuntos mais comentados da rede social. Poucos minutos ap\u00f3s o in\u00edcio da a\u00e7\u00e3o, o objetivo ser alcan\u00e7ado.<\/p>\n<p>Desde o in\u00edcio da manh\u00e3, artistas, influenciadores, ve\u00edculos de comunica\u00e7\u00e3o, Tribunais Superiores e institui\u00e7\u00f5es p\u00fablicas e privadas ajudaram a hashtag a chegar ao terceiro lugar entre os assuntos mais comentados (trendings topics) do Twitter e permanecer por mais de oito horas entre os cinco primeiros.<\/p>\n<p><strong>Engajamento<\/strong><\/p>\n<p>A maior mobiliza\u00e7\u00e3o digital do pa\u00eds sobre o tema conta com o apoio do Vaticano e do Papa Francisco, do Fundo das Na\u00e7\u00f5es Unidas para a Inf\u00e2ncia (Unicef), da Organiza\u00e7\u00e3o Internacional do Trabalho (OIT), do Minist\u00e9rio P\u00fablico do Trabalho, do Twitter Brasil, do Canal Futura, do Centro de Integra\u00e7\u00e3o Empresa-Escola (CIEE), de Tribunais Superiores, de artistas como Tais Ara\u00fajo, Dira Paes, Mel Lisboa, L\u00e1zaro Ramos, Daniella Mercury e Cl\u00e1udia Leitte e dos jornalistas Leonardo Sakamoto, Marcelo Canelas e Marcelo Tas, entre outros. A apresentadora Xuxa tamb\u00e9m gravou um v\u00eddeo apoiando a causa.<\/p>\n<p>A Confedera\u00e7\u00e3o Brasileira de Futebol (CBF) e diversos times de futebol, como Santos, Flamengo, Corinthians, Cruzeiro, Botafogo, Vasco, Bahia, Atl\u00e9tico Goianiense, Botafogo, Cear\u00e1, Chapecoense, CSA, Fluminense, Fortaleza, Gr\u00eamio, Internacional, Palmeiras e Ponte Pret, aderiram \u00e0 campanha.<\/p>\n<p>Outras entidades tamb\u00e9m participaram da a\u00e7\u00e3o como Furnas, Fiocruz, os governos do Distrito Federal, de Minas Gerais, do Amazonas e de Curitiba, al\u00e9m do Minist\u00e9rio P\u00fablico do Trabalho (MPT), a Associa\u00e7\u00e3o Nacional dos Magistrados da Justi\u00e7a do Trabalho (Anamatra), a Pol\u00edcia Civil do Rio de Janeiro e a Funda\u00e7\u00e3o Athos Bulc\u00e3o.<\/p>\n<p><strong>Aprendizagem<\/strong><\/p>\n<p>As mensagens alertavam os internautas sobre as estat\u00edsticas, as causas e os riscos a que as crian\u00e7as ficam expostas ao trabalhar precocemente. \u201cCrian\u00e7a at\u00e9 os 14 anos n\u00e3o pode trabalhar em hip\u00f3tese alguma, mas jovens a partir desta idade, se contratados de acordo com a lei, t\u00eam direitos como carteira assinada, garantias trabalhistas, seguran\u00e7a, jornada de trabalho diferenciada e, o melhor, n\u00e3o v\u00e3o deixar de estudar\u201d, explica a coordenadora do Programa de Combate ao Trabalho Infantil e de Est\u00edmulo \u00e0 Aprendizagem, ministra K\u00e1tia Arruda.<\/p>\n<p>Como alternativa, a Justi\u00e7a do Trabalho defende a contrata\u00e7\u00e3o formal de jovens a partir dos 14 anos, idade que atende \u00e0 previs\u00e3o da Lei da Aprendizagem. Se a lei for cumprida, as estat\u00edsticas podem ser reduzidas consideravelmente.<\/p>\n<p><strong>Realidade<\/strong><\/p>\n<p>Segundo o Instituto Brasileiro de Geografia e Estat\u00edstica, pelo menos 2,7 milh\u00f5es de crian\u00e7as entre 5 e 12 anos em todo o pa\u00eds exercem algum tipo de trabalho. Os dados s\u00e3o da \u00faltima Pesquisa Nacional de Amostra Por Domic\u00edlio (PNAD).<br \/>\nProje\u00e7\u00e3o<br \/>\nComo parte das a\u00e7\u00f5es de conscientiza\u00e7\u00e3o, a hashtag #BrasilSemTrabalhoInfantil ser\u00e1 projetada \u00e0s 18h na fachada do edif\u00edcio-sede do TST, em Bras\u00edlia, e poder\u00e1 ser vista pelos que passarem pela Avenida das Na\u00e7\u00f5es (L4 Sul) at\u00e9 as 23h.<br \/>\nO presidente do TST e do CSJT, ministro Brito Pereira, e a coordenadora do Programa de Combate ao Trabalho Infantil e de Est\u00edmulo \u00e0 Aprendizagem, ministra K\u00e1tia Arruda, ser\u00e3o os respons\u00e1veis pelo acionamento do mecanismo que projetar\u00e1 as frases na lateral do pr\u00e9dio. Na ocasi\u00e3o, tamb\u00e9m ser\u00e1 lan\u00e7ado o 1\u00ba Pr\u00eamio Justi\u00e7a do Trabalho de Jornalismo, que premiar\u00e1 as melhores reportagens que tratem das formas de combate e enfrentamento ao trabalho infantil.<\/p>\n","protected":false},"excerpt":{"rendered":"<p>Campanha nacional da Justi\u00e7a do Trabalho mobilizou o pa\u00eds neste 12 de junho. O Dia Mundial de Combate ao Trabalho Infantil foi marcado por uma grande campanha digital do Tribunal Superior do Trabalho (TST) em conjunto com o Conselho Superior da Justi\u00e7a do Trabalho (CSJT) e os 24 Tribunais Regionais do Trabalho do pa\u00eds Coordenada pelo Programa de Combate ao [&hellip;]<\/p>\n","protected":false},"author":27,"featured_media":0,"comment_status":"open","ping_status":"closed","sticky":false,"template":"","format":"standard","meta":{"footnotes":""},"categories":[2719],"tags":[15460,1925,12312,1156,11349,15459,697,2068,12622,13353,503,4426,15441,6513],"class_list":["post-12856","post","type-post","status-publish","format-standard","hentry","category-servidor","tag-brasilsemtrabalhoinfantil","tag-artistas","tag-cbf","tag-ciee","tag-engajamento","tag-hastag","tag-justica-do-trabalho","tag-oit","tag-trabalho-infantil","tag-trending-topics","tag-tst","tag-twitter","tag-unicef","tag-vaticano"],"_links":{"self":[{"href":"https:\/\/blogs.correiobraziliense.com.br\/servidor\/wp-json\/wp\/v2\/posts\/12856","targetHints":{"allow":["GET"]}}],"collection":[{"href":"https:\/\/blogs.correiobraziliense.com.br\/servidor\/wp-json\/wp\/v2\/posts"}],"about":[{"href":"https:\/\/blogs.correiobraziliense.com.br\/servidor\/wp-json\/wp\/v2\/types\/post"}],"author":[{"embeddable":true,"href":"https:\/\/blogs.correiobraziliense.com.br\/servidor\/wp-json\/wp\/v2\/users\/27"}],"replies":[{"embeddable":true,"href":"https:\/\/blogs.correiobraziliense.com.br\/servidor\/wp-json\/wp\/v2\/comments?post=12856"}],"version-history":[{"count":1,"href":"https:\/\/blogs.correiobraziliense.com.br\/servidor\/wp-json\/wp\/v2\/posts\/12856\/revisions"}],"predecessor-version":[{"id":12857,"href":"https:\/\/blogs.correiobraziliense.com.br\/servidor\/wp-json\/wp\/v2\/posts\/12856\/revisions\/12857"}],"wp:attachment":[{"href":"https:\/\/blogs.correiobraziliense.com.br\/servidor\/wp-json\/wp\/v2\/media?parent=12856"}],"wp:term":[{"taxonomy":"category","embeddable":true,"href":"https:\/\/blogs.correiobraziliense.com.br\/servidor\/wp-json\/wp\/v2\/categories?post=12856"},{"taxonomy":"post_tag","embeddable":true,"href":"https:\/\/blogs.correiobraziliense.com.br\/servidor\/wp-json\/wp\/v2\/tags?post=12856"}],"curies":[{"name":"wp","href":"https:\/\/api.w.org\/{rel}","templated":true}]}}