{"id":12845,"date":"2019-06-11T18:54:48","date_gmt":"2019-06-11T21:54:48","guid":{"rendered":"https:\/\/blogs.correiobraziliense.com.br\/servidor\/?p=12845"},"modified":"2019-06-11T18:54:49","modified_gmt":"2019-06-11T21:54:49","slug":"servidores-da-assistencia-social-do-df-fazem-paralisacao-de-48-horas","status":"publish","type":"post","link":"https:\/\/blogs.correiobraziliense.com.br\/servidor\/servidores-da-assistencia-social-do-df-fazem-paralisacao-de-48-horas\/","title":{"rendered":"Servidores da assist\u00eancia social do DF fazem paralisa\u00e7\u00e3o de 48 horas"},"content":{"rendered":"<p><em>Nos dias 13 (quinta) e 14 (sexta), os servidores da assist\u00eancia social do Governo do Distrito Federal (GDF) v\u00e3o cruzar os bra\u00e7os. Exigem o pagamento da terceira parcela do reajuste salarial de 2016, respeito aos prazos de entrega das cestas b\u00e1sicas emergenciais e das pol\u00edticas de prote\u00e7\u00e3o \u00e0 mulher. V\u00e3o aderir \u00e0 greve geral de 14 de junho<\/em><\/p>\n<p>No dia 13, os trabalhadores fazem assembleia sindical e popular \u00e0s 9 horas, na Pra\u00e7a do Buriti. Na sexta-feira (14), a categoria, representada pelo Sindicato dos Servidores da Assist\u00eancia Social e Cultural (Sindsasc), adere \u00e0 greve geral, movimento nacional das entidades de classe do pa\u00eds, em protesto contra a reforma da Previd\u00eancia que tramita no Congresso Nacional.<\/p>\n<p>Na assembleia do Sindsasc nesta quinta-feira, que tem tamb\u00e9m a participa\u00e7\u00e3o de usu\u00e1rios da assist\u00eancia social, a entidade reivindica por melhores condi\u00e7\u00f5es de trabalho; pelo pagamento da terceira parcela do reajuste salarial concedido por lei em 2016; pelo respeito aos prazos de entrega dos benef\u00edcios, como as cestas b\u00e1sicas emergenciais (em falta desde o fim de maio); e pelo cumprimento das pol\u00edticas de prote\u00e7\u00e3o \u00e0 mulher.<\/p>\n<p>Segundo o presidente do sindicato, Clayton Avelar, o GDF tem condi\u00e7\u00f5es para pagar o reajuste aos servidores. \u201cO GDF est\u00e1 em situa\u00e7\u00e3o financeira tranquila. Gasta apenas 42% de sua receita corrente l\u00edquida com pagamento de pessoal, incluindo aposentados. Sendo assim, tem toda condi\u00e7\u00e3o de nos pagar o que deve\u201d, explica.<\/p>\n<p>A entidade informa que, durante a paralisa\u00e7\u00e3o, ser\u00e1 mantido o contingente m\u00ednimo exigido por lei de 30% dos servidores em atividade nas unidades de atendimento 24 horas da assist\u00eancia social p\u00fablica do DF.<\/p>\n<p>Em protesto \u00e0 proposta de Reforma da Previd\u00eancia do governo de Jair Bolsonaro em tramita\u00e7\u00e3o no Congresso Nacional, os servidores da assist\u00eancia social se unem na sexta-feira (14) a entidades do DF que integram o F\u00f3rum Distrital Contra a Reforma da Previd\u00eancia e em Defesa da Aposentadoria.<\/p>\n<p>Participam da greve geral as seguintes entidades: Sindsasc, SINTFUB. ASSIBGE-DF, Sindicato dos Rodovi\u00e1rios do DF, Sindetran, Correios, Sindicato dos Jornalistas do DF, Sinpro-DF;, Sinasefe, Sindsep-DF, STIU-DF, Sindicato dos Banc\u00e1rios do DF, Sinproep, SinGCT, Movimento Nacional de Luta por Moradia e MSL.<\/p>\n","protected":false},"excerpt":{"rendered":"<p>Nos dias 13 (quinta) e 14 (sexta), os servidores da assist\u00eancia social do Governo do Distrito Federal (GDF) v\u00e3o cruzar os bra\u00e7os. Exigem o pagamento da terceira parcela do reajuste salarial de 2016, respeito aos prazos de entrega das cestas b\u00e1sicas emergenciais e das pol\u00edticas de prote\u00e7\u00e3o \u00e0 mulher. V\u00e3o aderir \u00e0 greve geral de 14 de junho No dia [&hellip;]<\/p>\n","protected":false},"author":27,"featured_media":0,"comment_status":"open","ping_status":"closed","sticky":false,"template":"","format":"standard","meta":{"footnotes":""},"categories":[2719],"tags":[345,2108,865,852,15455,693,2692,1801,3716,1153,706,15456,2746,9376,3946,15457,9727,58,11776],"class_list":["post-12845","post","type-post","status-publish","format-standard","hentry","category-servidor","tag-aposentados","tag-assistencia-social","tag-ativos","tag-beneficios","tag-cestas-basicas-emergenciais","tag-congresso-nacional","tag-gdf","tag-greve-geral","tag-mulher","tag-pessoal","tag-politicas","tag-praca-do-buriti","tag-protecao","tag-rcl","tag-reajuste-salarial","tag-receita-corrente-liquida","tag-reforma-da-previdencia","tag-servidores","tag-sindsasc"],"_links":{"self":[{"href":"https:\/\/blogs.correiobraziliense.com.br\/servidor\/wp-json\/wp\/v2\/posts\/12845","targetHints":{"allow":["GET"]}}],"collection":[{"href":"https:\/\/blogs.correiobraziliense.com.br\/servidor\/wp-json\/wp\/v2\/posts"}],"about":[{"href":"https:\/\/blogs.correiobraziliense.com.br\/servidor\/wp-json\/wp\/v2\/types\/post"}],"author":[{"embeddable":true,"href":"https:\/\/blogs.correiobraziliense.com.br\/servidor\/wp-json\/wp\/v2\/users\/27"}],"replies":[{"embeddable":true,"href":"https:\/\/blogs.correiobraziliense.com.br\/servidor\/wp-json\/wp\/v2\/comments?post=12845"}],"version-history":[{"count":1,"href":"https:\/\/blogs.correiobraziliense.com.br\/servidor\/wp-json\/wp\/v2\/posts\/12845\/revisions"}],"predecessor-version":[{"id":12846,"href":"https:\/\/blogs.correiobraziliense.com.br\/servidor\/wp-json\/wp\/v2\/posts\/12845\/revisions\/12846"}],"wp:attachment":[{"href":"https:\/\/blogs.correiobraziliense.com.br\/servidor\/wp-json\/wp\/v2\/media?parent=12845"}],"wp:term":[{"taxonomy":"category","embeddable":true,"href":"https:\/\/blogs.correiobraziliense.com.br\/servidor\/wp-json\/wp\/v2\/categories?post=12845"},{"taxonomy":"post_tag","embeddable":true,"href":"https:\/\/blogs.correiobraziliense.com.br\/servidor\/wp-json\/wp\/v2\/tags?post=12845"}],"curies":[{"name":"wp","href":"https:\/\/api.w.org\/{rel}","templated":true}]}}