{"id":1284,"date":"2016-03-15T20:11:05","date_gmt":"2016-03-15T23:11:05","guid":{"rendered":"https:\/\/blogs.correiobraziliense.com.br\/servidor\/?p=1284"},"modified":"2016-03-15T20:11:05","modified_gmt":"2016-03-15T23:11:05","slug":"funcionarios-da-norte-energia-continuam-retidos-em-aldeia-indigena","status":"publish","type":"post","link":"https:\/\/blogs.correiobraziliense.com.br\/servidor\/funcionarios-da-norte-energia-continuam-retidos-em-aldeia-indigena\/","title":{"rendered":"FUNCION\u00c1RIOS DA NORTE ENERGIA CONTINUAM RETIDOS EM ALDEIA IND\u00cdGENA"},"content":{"rendered":"<p><em>A empresa espera que este incidente se resolva o mais r\u00e1pido poss\u00edvel e conta com o trabalho das autoridades para obter a libera\u00e7\u00e3o dos funcion\u00e1rios e demais provid\u00eancias perante a legisla\u00e7\u00e3o brasileira.<\/em><\/p>\n<p>Por meio de nota, a Norte Energia informou que tr\u00eas de seus funcion\u00e1rios e um piloto de uma empresa prestadora de servi\u00e7os continuam retidos na aldeia Curuatx\u00e9, na Terra Ind\u00edgena Curuaia, na regi\u00e3o da Usina Hidrel\u00e9trica Belo Monte, no Par\u00e1. A empresa tem mantido contato frequente com os ref\u00e9ns, que n\u00e3o sofreram maus tratos f\u00edsicos, embora estejam impedidos de sair do local desde o dia 10 de mar\u00e7o.<\/p>\n<p>Al\u00e9m de informar as autoridades competentes, como a Funda\u00e7\u00e3o Nacional do \u00cdndio (Funai), Minist\u00e9rio P\u00fablico Federal (MPF) e Pol\u00edcia Federal, a Norte Energia est\u00e1 empenhada em reverter a situa\u00e7\u00e3o por meio de di\u00e1logo aberto com a comunidade ind\u00edgena. Hoje (15\/03), a Superintend\u00eancia de Assuntos Ind\u00edgenas da Norte Energia realizou contato via r\u00e1dio com lideran\u00e7as da Curuatx\u00e9 para informar sobre as a\u00e7\u00f5es do Projeto B\u00e1sico Ambiental \u2013 Componente Ind\u00edgena (PBA-CI) de Belo Monte que foram conclu\u00eddas ou est\u00e3o em andamento na aldeia. A Funai e Casa de Governo de Altamira tamb\u00e9m estavam presentes na conversa realizada hoje via r\u00e1dio com a aldeia Curuatx\u00e9.<\/p>\n<p>Embora esteja a 360 km em linha reta das obras da Usina, no rio Curu\u00e1, a aldeia \u00e9 atendida pelas a\u00e7\u00f5es da Norte Energia voltadas exclusivamente para os povos tradicionais do M\u00e9dio Xingu.\u00a0 No local, j\u00e1 foram constru\u00eddas pista de pouso, casas de moradia e casa de farinha e um sistema de abastecimento de \u00e1gua, al\u00e9m da execu\u00e7\u00e3o dos projetos de fomento da produ\u00e7\u00e3o agr\u00edcola, fortalecimento institucional e preserva\u00e7\u00e3o da cultura e modos de vida tradicional, dentre outros. Essas obras fazem parte do PBA-CI, e est\u00e3o sendo executadas pela Norte Energia na Curuatx\u00e9.<\/p>\n<p>Devido ao dif\u00edcil acesso \u00e0 aldeia e \u00e0 dist\u00e2ncia, as obras no local se tornam particularmente complexas e dependem tamb\u00e9m da vaz\u00e3o do rio, principalmente, para transporte de materiais e equipamentos. Amanh\u00e3 (16\/03), est\u00e1 previsto o envio de maquin\u00e1rio para perfura\u00e7\u00e3o de um novo po\u00e7o no local para atender a demanda de abastecimento de \u00e1gua na aldeia, conforme foi solicitado pelos ind\u00edgenas.<\/p>\n<p>A empresa espera que este incidente se resolva o mais r\u00e1pido poss\u00edvel e conta com o trabalho das autoridades para obter a libera\u00e7\u00e3o dos funcion\u00e1rios e demais provid\u00eancias perante a legisla\u00e7\u00e3o brasileira.<\/p>\n","protected":false},"excerpt":{"rendered":"<p>A empresa espera que este incidente se resolva o mais r\u00e1pido poss\u00edvel e conta com o trabalho das autoridades para obter a libera\u00e7\u00e3o dos funcion\u00e1rios e demais provid\u00eancias perante a legisla\u00e7\u00e3o brasileira. Por meio de nota, a Norte Energia informou que tr\u00eas de seus funcion\u00e1rios e um piloto de uma empresa prestadora de servi\u00e7os continuam retidos na aldeia Curuatx\u00e9, na [&hellip;]<\/p>\n","protected":false},"author":27,"featured_media":0,"comment_status":"open","ping_status":"closed","sticky":false,"template":"","format":"standard","meta":{"footnotes":""},"categories":[1],"tags":[1351,1352,1341,453,1349,104,1350],"class_list":["post-1284","post","type-post","status-publish","format-standard","hentry","category-sem-categoria","tag-aldeia-indigena","tag-funai","tag-funcionarios","tag-mpf","tag-norte-energia","tag-policia-federal","tag-retidos"],"_links":{"self":[{"href":"https:\/\/blogs.correiobraziliense.com.br\/servidor\/wp-json\/wp\/v2\/posts\/1284","targetHints":{"allow":["GET"]}}],"collection":[{"href":"https:\/\/blogs.correiobraziliense.com.br\/servidor\/wp-json\/wp\/v2\/posts"}],"about":[{"href":"https:\/\/blogs.correiobraziliense.com.br\/servidor\/wp-json\/wp\/v2\/types\/post"}],"author":[{"embeddable":true,"href":"https:\/\/blogs.correiobraziliense.com.br\/servidor\/wp-json\/wp\/v2\/users\/27"}],"replies":[{"embeddable":true,"href":"https:\/\/blogs.correiobraziliense.com.br\/servidor\/wp-json\/wp\/v2\/comments?post=1284"}],"version-history":[{"count":1,"href":"https:\/\/blogs.correiobraziliense.com.br\/servidor\/wp-json\/wp\/v2\/posts\/1284\/revisions"}],"predecessor-version":[{"id":1285,"href":"https:\/\/blogs.correiobraziliense.com.br\/servidor\/wp-json\/wp\/v2\/posts\/1284\/revisions\/1285"}],"wp:attachment":[{"href":"https:\/\/blogs.correiobraziliense.com.br\/servidor\/wp-json\/wp\/v2\/media?parent=1284"}],"wp:term":[{"taxonomy":"category","embeddable":true,"href":"https:\/\/blogs.correiobraziliense.com.br\/servidor\/wp-json\/wp\/v2\/categories?post=1284"},{"taxonomy":"post_tag","embeddable":true,"href":"https:\/\/blogs.correiobraziliense.com.br\/servidor\/wp-json\/wp\/v2\/tags?post=1284"}],"curies":[{"name":"wp","href":"https:\/\/api.w.org\/{rel}","templated":true}]}}