{"id":12836,"date":"2019-06-11T11:41:15","date_gmt":"2019-06-11T14:41:15","guid":{"rendered":"https:\/\/blogs.correiobraziliense.com.br\/servidor\/?p=12836"},"modified":"2019-06-11T11:41:15","modified_gmt":"2019-06-11T14:41:15","slug":"estudo-da-mapfre-aponta-que-envelhecimento-populacional-atinge-economias-desenvolvidas","status":"publish","type":"post","link":"https:\/\/blogs.correiobraziliense.com.br\/servidor\/estudo-da-mapfre-aponta-que-envelhecimento-populacional-atinge-economias-desenvolvidas\/","title":{"rendered":"Estudo da Mapfre aponta que envelhecimento populacional atinge economias desenvolvidas"},"content":{"rendered":"<p><em>Levantamento busca identificar oportunidades de contribui\u00e7\u00e3o com a economia e a sociedade. O\u00a0crescimento da popula\u00e7\u00e3o aposentada est\u00e1 por tr\u00e1s de tr\u00eas tend\u00eancias atuais: o aumento da interdepend\u00eancia financeira, a estagna\u00e7\u00e3o comercial e o aumento da desigualdade econ\u00f4mica<\/em><\/p>\n<p>A mais recente pesquisa produzida pela \u00e1rea de Servi\u00e7o de Estudos da Mapfre aponta que o envelhecimento da popula\u00e7\u00e3o, associado \u00e0 redu\u00e7\u00e3o das taxas de fertilidade e tamb\u00e9m ao aumento da expectativa de vida, afetar\u00e1 a economia global a m\u00e9dio e longo prazos.<\/p>\n<p>Publicado pela Fundaci\u00f3n Mapfre, o estudo mostra que o crescimento da popula\u00e7\u00e3o aposentada est\u00e1 por tr\u00e1s de tr\u00eas tend\u00eancias atuais: o aumento da interdepend\u00eancia financeira, a estagna\u00e7\u00e3o comercial e o aumento da desigualdade econ\u00f4mica. Atualmente, cerca de 25% da popula\u00e7\u00e3o mundial tem mais de 60 anos, e a idade m\u00e9dia populacional \u00e9 pr\u00f3xima dos 40, ou seja, a taxa de depend\u00eancia madura (\u00edndice demogr\u00e1fico que expressa a propor\u00e7\u00e3o existente entre a popula\u00e7\u00e3o dependente e ativa, da qual depende) deve exceder os 50%.<\/p>\n<p><strong>Taxas de depend\u00eancia no mundo<\/strong><\/p>\n<p>O levantamento aponta ainda que o aumento da expectativa de vida vai impactar diretamente as taxas de depend\u00eancia.<\/p>\n<p>Segundo o relat\u00f3rio, em 2019, na Europa, Austr\u00e1lia e Am\u00e9rica do Norte, a taxa de depend\u00eancia est\u00e1 abaixo de quatro pessoas em idade produtiva para cada uma que atinge a idade de aposentadoria (estimada em 65 anos ou mais). Considerando essa evolu\u00e7\u00e3o, em 40 anos, no sul da Europa e na Europa Ocidental, essa rela\u00e7\u00e3o ser\u00e1 inferior a 1,5 pessoas em idade ativa para cada aposentado. Na Cor\u00e9ia do Sul, Taiwan, Jap\u00e3o, Portugal, Gr\u00e9cia, Cingapura, Espanha, Pol\u00f4nia e Hong Kong essa propor\u00e7\u00e3o ser\u00e1 de aproximadamente de 35%.<\/p>\n<p>No Brasil, o estudo mostra ainda que durante o per\u00edodo de 2019-2059, a propor\u00e7\u00e3o de pessoas com mais de 65 anos ser\u00e1 de 18%. &#8220;As pesquisas desenvolvidas pela \u00e1rea de Servi\u00e7o de Estudos da Mapfre refor\u00e7am que estamos atentos as movimenta\u00e7\u00f5es macroecon\u00f4micas mundiais. Esses dados nos trazem a oportunidade de entender os novos desafios dos setores onde atuamos e de aprimorarmos os nossos produtos de vida e previd\u00eancia a realidade do consumidor&#8221;, comenta Fernando P\u00e9rez-Serrabona, CEO da Mapfre Brasil.<\/p>\n<table border=\"0\" align=\"center\">\n<tbody>\n<tr>\n<td>O relat\u00f3rio completo est\u00e1 dispon\u00edvel nas vers\u00f5es em ingl\u00eas e espanhol, basta acessar os links:<\/p>\n<p><strong>Espanhol &#8211;<\/strong> <span id=\"OBJ_PREFIX_DWT596_com_zimbra_url\" class=\"Object\" role=\"link\"><span id=\"OBJ_PREFIX_DWT605_com_zimbra_url\" class=\"Object\" role=\"link\"><a href=\"https:\/\/ysoestiarerceanoneriyle.i-mpr.com\/link.php?code=bDpodHRwJTNBJTJGJTJGd3d3LmZ1bmRhY2lvbm1hcGZyZS5vcmclMkZkb2N1bWVudGFjaW9uJTJGcHVibGljbyUyRmkxOG4lMkZjYXRhbG9nb19pbWFnZW5lcyUyRmdydXBvLmNtZCUzRnBhdGglM0QxMTAwNTY5OjEwOTI0NjI2NzI6ZWNvbm9taWEuZGZAZGFici5jb20uYnI6N2ZlMDA3\" target=\"_blank\" rel=\"noopener\">www.fundacionmapfre.org\/documentacion\/publico\/i18n\/catalogo_imagenes\/grupo.cmd?path=1100569<\/a><\/span><\/span><\/p>\n<p><strong>Ingl\u00eas &#8211;<\/strong><span id=\"OBJ_PREFIX_DWT597_com_zimbra_url\" class=\"Object\" role=\"link\"><span id=\"OBJ_PREFIX_DWT606_com_zimbra_url\" class=\"Object\" role=\"link\"><a href=\"https:\/\/ysoestiarerceanoneriyle.i-mpr.com\/link.php?code=bDpodHRwJTNBJTJGJTJGd3d3LmZ1bmRhY2lvbm1hcGZyZS5vcmclMkZkb2N1bWVudGFjaW9uJTJGcHVibGljbyUyRmkxOG4lMkZjYXRhbG9nb19pbWFnZW5lcyUyRmdydXBvLmNtZCUzRnBhdGglM0QxMTAwOTk2OjEwOTI0NjI2NzI6ZWNvbm9taWEuZGZAZGFici5jb20uYnI6MjQ4M2Fl\" target=\"_blank\" rel=\"noopener\">www.fundacionmapfre.org\/documentacion\/publico\/i18n\/catalogo_imagenes\/grupo.cmd?path=1100996<\/a><\/span><\/span><\/td>\n<\/tr>\n<tr>\n<td><strong>Sobre a Mapfre &#8211;<\/strong> No pa\u00eds desde 1992, a Mapfre \u00e9 um grupo multinacional que forma uma das maiores companhias de presta\u00e7\u00e3o de servi\u00e7os nos mercados segurador, financeiro e sa\u00fade. S\u00f3lida e inovadora, est\u00e1 presente nos cinco continentes e conta com mais de 35 mil colaboradores. Em 2018, suas receitas atingiram cerca de 27 bilh\u00f5es de euros, e o lucro l\u00edquido foi de 529 milh\u00f5es de euros. Especialista em suas \u00e1reas de neg\u00f3cio, a Mapfre opera com bases de atividades sustent\u00e1veis e, no Brasil, atua em seguros, investimentos, cons\u00f3rcios, capitaliza\u00e7\u00e3o, previd\u00eancia, sa\u00fade e assist\u00eancia.<\/td>\n<\/tr>\n<\/tbody>\n<\/table>\n","protected":false},"excerpt":{"rendered":"<p>Levantamento busca identificar oportunidades de contribui\u00e7\u00e3o com a economia e a sociedade. O\u00a0crescimento da popula\u00e7\u00e3o aposentada est\u00e1 por tr\u00e1s de tr\u00eas tend\u00eancias atuais: o aumento da interdepend\u00eancia financeira, a estagna\u00e7\u00e3o comercial e o aumento da desigualdade econ\u00f4mica A mais recente pesquisa produzida pela \u00e1rea de Servi\u00e7o de Estudos da Mapfre aponta que o envelhecimento da popula\u00e7\u00e3o, associado \u00e0 redu\u00e7\u00e3o das [&hellip;]<\/p>\n","protected":false},"author":27,"featured_media":0,"comment_status":"open","ping_status":"closed","sticky":false,"template":"","format":"standard","meta":{"footnotes":""},"categories":[2719],"tags":[6,6757,10386,6115,6652,6626,5342,1287,6841,15447,15445,15446,351,372],"class_list":["post-12836","post","type-post","status-publish","format-standard","hentry","category-servidor","tag-aposentadoria","tag-ativa","tag-desenvolvidas","tag-desigualdade","tag-economias","tag-envelhecimento","tag-estagnacao","tag-estudo","tag-expectativa","tag-interdependencia-financeira","tag-mapfre","tag-populacional","tag-sociedade","tag-vida"],"_links":{"self":[{"href":"https:\/\/blogs.correiobraziliense.com.br\/servidor\/wp-json\/wp\/v2\/posts\/12836","targetHints":{"allow":["GET"]}}],"collection":[{"href":"https:\/\/blogs.correiobraziliense.com.br\/servidor\/wp-json\/wp\/v2\/posts"}],"about":[{"href":"https:\/\/blogs.correiobraziliense.com.br\/servidor\/wp-json\/wp\/v2\/types\/post"}],"author":[{"embeddable":true,"href":"https:\/\/blogs.correiobraziliense.com.br\/servidor\/wp-json\/wp\/v2\/users\/27"}],"replies":[{"embeddable":true,"href":"https:\/\/blogs.correiobraziliense.com.br\/servidor\/wp-json\/wp\/v2\/comments?post=12836"}],"version-history":[{"count":1,"href":"https:\/\/blogs.correiobraziliense.com.br\/servidor\/wp-json\/wp\/v2\/posts\/12836\/revisions"}],"predecessor-version":[{"id":12837,"href":"https:\/\/blogs.correiobraziliense.com.br\/servidor\/wp-json\/wp\/v2\/posts\/12836\/revisions\/12837"}],"wp:attachment":[{"href":"https:\/\/blogs.correiobraziliense.com.br\/servidor\/wp-json\/wp\/v2\/media?parent=12836"}],"wp:term":[{"taxonomy":"category","embeddable":true,"href":"https:\/\/blogs.correiobraziliense.com.br\/servidor\/wp-json\/wp\/v2\/categories?post=12836"},{"taxonomy":"post_tag","embeddable":true,"href":"https:\/\/blogs.correiobraziliense.com.br\/servidor\/wp-json\/wp\/v2\/tags?post=12836"}],"curies":[{"name":"wp","href":"https:\/\/api.w.org\/{rel}","templated":true}]}}