{"id":12832,"date":"2019-06-11T11:08:21","date_gmt":"2019-06-11T14:08:21","guid":{"rendered":"https:\/\/blogs.correiobraziliense.com.br\/servidor\/?p=12832"},"modified":"2019-06-11T11:08:21","modified_gmt":"2019-06-11T14:08:21","slug":"enap-entrevista-governanca-e-gestao-de-riscos","status":"publish","type":"post","link":"https:\/\/blogs.correiobraziliense.com.br\/servidor\/enap-entrevista-governanca-e-gestao-de-riscos\/","title":{"rendered":"Enap Entrevista &#8211; Governan\u00e7a e gest\u00e3o de riscos"},"content":{"rendered":"<p>\u201cN\u00e3o podemos fazer gest\u00e3o de riscos para ingl\u00eas ver\u201d, afirma o controlador-geral de Minas Gerais, Rodrigo Fontenelle, na Entrevista Governan\u00e7a e Gest\u00e3o de Riscos, para\u00a0 Thiago Bergmann (TSE)<\/p>\n<p>Veja a entrevista:<\/p>\n<p><a href=\"https:\/\/m.youtube.com\/watch?v=6zlXRFsHXSs\u200b\">https:\/\/m.youtube.com\/watch?v=6zlXRFsHXSs\u200b<\/a><\/p>\n<p>&nbsp;<\/p>\n<p>&nbsp;<\/p>\n","protected":false},"excerpt":{"rendered":"<p>\u201cN\u00e3o podemos fazer gest\u00e3o de riscos para ingl\u00eas ver\u201d, afirma o controlador-geral de Minas Gerais, Rodrigo Fontenelle, na Entrevista Governan\u00e7a e Gest\u00e3o de Riscos, para\u00a0 Thiago Bergmann (TSE) Veja a entrevista: https:\/\/m.youtube.com\/watch?v=6zlXRFsHXSs\u200b &nbsp; &nbsp;<\/p>\n","protected":false},"author":27,"featured_media":0,"comment_status":"open","ping_status":"closed","sticky":false,"template":"","format":"standard","meta":{"footnotes":""},"categories":[2719],"tags":[14421,15071,315,566,1212],"class_list":["post-12832","post","type-post","status-publish","format-standard","hentry","category-servidor","tag-controlador","tag-enap-entrevista","tag-gestao","tag-governanca","tag-risco"],"_links":{"self":[{"href":"https:\/\/blogs.correiobraziliense.com.br\/servidor\/wp-json\/wp\/v2\/posts\/12832","targetHints":{"allow":["GET"]}}],"collection":[{"href":"https:\/\/blogs.correiobraziliense.com.br\/servidor\/wp-json\/wp\/v2\/posts"}],"about":[{"href":"https:\/\/blogs.correiobraziliense.com.br\/servidor\/wp-json\/wp\/v2\/types\/post"}],"author":[{"embeddable":true,"href":"https:\/\/blogs.correiobraziliense.com.br\/servidor\/wp-json\/wp\/v2\/users\/27"}],"replies":[{"embeddable":true,"href":"https:\/\/blogs.correiobraziliense.com.br\/servidor\/wp-json\/wp\/v2\/comments?post=12832"}],"version-history":[{"count":1,"href":"https:\/\/blogs.correiobraziliense.com.br\/servidor\/wp-json\/wp\/v2\/posts\/12832\/revisions"}],"predecessor-version":[{"id":12833,"href":"https:\/\/blogs.correiobraziliense.com.br\/servidor\/wp-json\/wp\/v2\/posts\/12832\/revisions\/12833"}],"wp:attachment":[{"href":"https:\/\/blogs.correiobraziliense.com.br\/servidor\/wp-json\/wp\/v2\/media?parent=12832"}],"wp:term":[{"taxonomy":"category","embeddable":true,"href":"https:\/\/blogs.correiobraziliense.com.br\/servidor\/wp-json\/wp\/v2\/categories?post=12832"},{"taxonomy":"post_tag","embeddable":true,"href":"https:\/\/blogs.correiobraziliense.com.br\/servidor\/wp-json\/wp\/v2\/tags?post=12832"}],"curies":[{"name":"wp","href":"https:\/\/api.w.org\/{rel}","templated":true}]}}