{"id":12830,"date":"2019-06-10T20:16:05","date_gmt":"2019-06-10T23:16:05","guid":{"rendered":"https:\/\/blogs.correiobraziliense.com.br\/servidor\/?p=12830"},"modified":"2019-06-10T20:16:05","modified_gmt":"2019-06-10T23:16:05","slug":"anamatra-veiculacao-publica-de-mensagens-sobre-a-operacao-lava-jato","status":"publish","type":"post","link":"https:\/\/blogs.correiobraziliense.com.br\/servidor\/anamatra-veiculacao-publica-de-mensagens-sobre-a-operacao-lava-jato\/","title":{"rendered":"Anamatra &#8211; veicula\u00e7\u00e3o p\u00fablica de mensagens sobre a Opera\u00e7\u00e3o Lava-Jato"},"content":{"rendered":"<p><em>Para a entidade, o conte\u00fado divulgado \u00e9 grave e imprescind\u00edvel de apura\u00e7\u00e3o, para que sejam garantidas \u00e0 sociedade a independ\u00eancia e a imparcialidade do Judici\u00e1rio. &#8220;Que <\/em><span style=\"float: none;background-color: transparent;color: #333333;cursor: text;font-family: -apple-system,BlinkMacSystemFont,'Segoe UI',Roboto,Oxygen-Sans,Ubuntu,Cantarell,'Helvetica Neue',sans-serif;font-size: 16px;font-style: normal;font-variant: normal;font-weight: 400;letter-spacing: normal;text-align: left;text-decoration: none;text-indent: 0px\"><em>os fatos sejam integralmente elucidados, com a puni\u00e7\u00e3o dos respons\u00e1veis por eventuais il\u00edcitos, na forma da Lei, e que, do desfecho deste epis\u00f3dio, resulte uma vez mais fortalecido o Estado&#8221;, diz a nota<\/em>\u00a0<\/span><\/p>\n<p>Veja a nota:<\/p>\n<p>&#8220;A ANAMATRA \u2013 Associa\u00e7\u00e3o Nacional dos Magistrados da Justi\u00e7a do Trabalho, entidade representativa de mais de 4 mil magistrados de todo o Pa\u00eds, a respeito da veicula\u00e7\u00e3o p\u00fablica de mensagens entre ju\u00edzes e procuradores acerca da chamada Opera\u00e7\u00e3o Lava-Jato, vem a p\u00fablico pronunciar-se nos seguintes termos:<\/p>\n<p>O contexto f\u00e1tico inerente ao epis\u00f3dio \u00e9 de profunda gravidade, tornando imprescind\u00edvel a sua apura\u00e7\u00e3o, devido \u00e0s garantias da sociedade de um Judici\u00e1rio independente e imparcial.<\/p>\n<p>Ressalte-se, contudo, que o mesmo interesse p\u00fablico determinante desta investiga\u00e7\u00e3o pressup\u00f5e, a par de sua firmeza, condu\u00e7\u00e3o transparente, em respeito \u00e0s garantias do devido processo legal, do contradit\u00f3rio, da ampla defesa e da liberdade das pessoas e de imprensa.<\/p>\n<p>As institui\u00e7\u00f5es republicanas n\u00e3o se resumem ou se confundem com as pessoas de seus integrantes. Independentemente da gravidade dos fatos, sua apura\u00e7\u00e3o deve necessariamente pautar-se na preserva\u00e7\u00e3o da perenidade e das garantias imanentes \u00e0 Magistratura e ao Minist\u00e9rio P\u00fablico, carreiras constitucionalmente designadas \u00e0 salvaguarda da cidadania e da ordem jur\u00eddica.<\/p>\n<p>A ANAMATRA espera que, observadas essas inafast\u00e1veis diretrizes, os fatos sejam integralmente elucidados, com a puni\u00e7\u00e3o dos respons\u00e1veis por eventuais il\u00edcitos, na forma da Lei, e que, do desfecho deste epis\u00f3dio, resulte uma vez mais fortalecido o Estado Democr\u00e1tico de Direito.<\/p>\n<p>Bras\u00edlia, 10 de junho de 2019.<br \/>\nNoemia Garcia Porto<br \/>\nPresidente da Anamatra&#8221;<\/p>\n","protected":false},"excerpt":{"rendered":"<p>Para a entidade, o conte\u00fado divulgado \u00e9 grave e imprescind\u00edvel de apura\u00e7\u00e3o, para que sejam garantidas \u00e0 sociedade a independ\u00eancia e a imparcialidade do Judici\u00e1rio. &#8220;Que os fatos sejam integralmente elucidados, com a puni\u00e7\u00e3o dos respons\u00e1veis por eventuais il\u00edcitos, na forma da Lei, e que, do desfecho deste epis\u00f3dio, resulte uma vez mais fortalecido o Estado&#8221;, diz a nota\u00a0 Veja [&hellip;]<\/p>\n","protected":false},"author":27,"featured_media":0,"comment_status":"open","ping_status":"closed","sticky":false,"template":"","format":"standard","meta":{"footnotes":""},"categories":[2719],"tags":[1408,1458,2205,1181,64,344,1757,621,5019,417,1407,1157,1235],"class_list":["post-12830","post","type-post","status-publish","format-standard","hentry","category-servidor","tag-anamatra","tag-apuracao","tag-contraditorio","tag-imprensa","tag-judiciario","tag-juizes","tag-liberdade","tag-magistrados","tag-mensagens","tag-ministerio-publico","tag-operacao-lava-jato","tag-processo","tag-procuradores"],"_links":{"self":[{"href":"https:\/\/blogs.correiobraziliense.com.br\/servidor\/wp-json\/wp\/v2\/posts\/12830","targetHints":{"allow":["GET"]}}],"collection":[{"href":"https:\/\/blogs.correiobraziliense.com.br\/servidor\/wp-json\/wp\/v2\/posts"}],"about":[{"href":"https:\/\/blogs.correiobraziliense.com.br\/servidor\/wp-json\/wp\/v2\/types\/post"}],"author":[{"embeddable":true,"href":"https:\/\/blogs.correiobraziliense.com.br\/servidor\/wp-json\/wp\/v2\/users\/27"}],"replies":[{"embeddable":true,"href":"https:\/\/blogs.correiobraziliense.com.br\/servidor\/wp-json\/wp\/v2\/comments?post=12830"}],"version-history":[{"count":1,"href":"https:\/\/blogs.correiobraziliense.com.br\/servidor\/wp-json\/wp\/v2\/posts\/12830\/revisions"}],"predecessor-version":[{"id":12831,"href":"https:\/\/blogs.correiobraziliense.com.br\/servidor\/wp-json\/wp\/v2\/posts\/12830\/revisions\/12831"}],"wp:attachment":[{"href":"https:\/\/blogs.correiobraziliense.com.br\/servidor\/wp-json\/wp\/v2\/media?parent=12830"}],"wp:term":[{"taxonomy":"category","embeddable":true,"href":"https:\/\/blogs.correiobraziliense.com.br\/servidor\/wp-json\/wp\/v2\/categories?post=12830"},{"taxonomy":"post_tag","embeddable":true,"href":"https:\/\/blogs.correiobraziliense.com.br\/servidor\/wp-json\/wp\/v2\/tags?post=12830"}],"curies":[{"name":"wp","href":"https:\/\/api.w.org\/{rel}","templated":true}]}}