{"id":12823,"date":"2019-06-10T19:01:37","date_gmt":"2019-06-10T22:01:37","guid":{"rendered":"https:\/\/blogs.correiobraziliense.com.br\/servidor\/?p=12823"},"modified":"2019-06-10T20:05:14","modified_gmt":"2019-06-10T23:05:14","slug":"tcu-prestacao-de-contas-do-ultimo-ano-de-temer-sera-julgada-no-dia-12-de-junho","status":"publish","type":"post","link":"https:\/\/blogs.correiobraziliense.com.br\/servidor\/tcu-prestacao-de-contas-do-ultimo-ano-de-temer-sera-julgada-no-dia-12-de-junho\/","title":{"rendered":"TCU &#8211; Presta\u00e7\u00e3o de contas do \u00faltimo ano de Temer ser\u00e1 julgada no dia 12 de junho"},"content":{"rendered":"<p><em>A presta\u00e7\u00e3o de contas do ex-presidente Michel Temer, relativas a 2018, ser\u00e1 apreciada pelo TCU na pr\u00f3xima quarta-feira, 12, \u00e0s 10h. A relatora do processo \u00e9 a ministra Ana Arraes e o parecer aprovado pelo Tribunal subsidiar\u00e1 julgamento a ser realizado pelo Congresso Nacional.<\/em><\/p>\n<p><strong>Tr\u00e2mite<\/strong><\/p>\n<p>O presidente da Rep\u00fablica deve prestar contas ao Congresso Nacional at\u00e9 60 dias ap\u00f3s o in\u00edcio da sess\u00e3o legislativa ordin\u00e1ria (2 de fevereiro). Em seguida, o presidente do Senado envia os documentos ao TCU para que sejam analisados. O Tribunal tem 60 dias para emitir parecer pr\u00e9vio, que servir\u00e1 para subsidiar os parlamentares.<\/p>\n<p>O parecer do TCU ser\u00e1 avaliado pela Comiss\u00e3o Mista de Planos, Or\u00e7amentos P\u00fablicos e Fiscaliza\u00e7\u00e3o (CMO), que elaborar\u00e1 novo parecer. Finalmente, com base nos pareceres do TCU e da CMO, senadores e deputados julgar\u00e3o as contas prestadas pelo presidente da Rep\u00fablica referentes ao ano anterior.<\/p>\n","protected":false},"excerpt":{"rendered":"<p>A presta\u00e7\u00e3o de contas do ex-presidente Michel Temer, relativas a 2018, ser\u00e1 apreciada pelo TCU na pr\u00f3xima quarta-feira, 12, \u00e0s 10h. A relatora do processo \u00e9 a ministra Ana Arraes e o parecer aprovado pelo Tribunal subsidiar\u00e1 julgamento a ser realizado pelo Congresso Nacional. Tr\u00e2mite O presidente da Rep\u00fablica deve prestar contas ao Congresso Nacional at\u00e9 60 dias ap\u00f3s o [&hellip;]<\/p>\n","protected":false},"author":27,"featured_media":0,"comment_status":"open","ping_status":"closed","sticky":false,"template":"","format":"standard","meta":{"footnotes":""},"categories":[2719],"tags":[3165,100,1298,15444,2474,15443,1157,39,635],"class_list":["post-12823","post","type-post","status-publish","format-standard","hentry","category-servidor","tag-cmo","tag-congresso","tag-deputados","tag-ex-pre-sidente","tag-michel-temer","tag-prestacao-de-contas","tag-processo","tag-senadores","tag-tcu"],"_links":{"self":[{"href":"https:\/\/blogs.correiobraziliense.com.br\/servidor\/wp-json\/wp\/v2\/posts\/12823","targetHints":{"allow":["GET"]}}],"collection":[{"href":"https:\/\/blogs.correiobraziliense.com.br\/servidor\/wp-json\/wp\/v2\/posts"}],"about":[{"href":"https:\/\/blogs.correiobraziliense.com.br\/servidor\/wp-json\/wp\/v2\/types\/post"}],"author":[{"embeddable":true,"href":"https:\/\/blogs.correiobraziliense.com.br\/servidor\/wp-json\/wp\/v2\/users\/27"}],"replies":[{"embeddable":true,"href":"https:\/\/blogs.correiobraziliense.com.br\/servidor\/wp-json\/wp\/v2\/comments?post=12823"}],"version-history":[{"count":2,"href":"https:\/\/blogs.correiobraziliense.com.br\/servidor\/wp-json\/wp\/v2\/posts\/12823\/revisions"}],"predecessor-version":[{"id":12829,"href":"https:\/\/blogs.correiobraziliense.com.br\/servidor\/wp-json\/wp\/v2\/posts\/12823\/revisions\/12829"}],"wp:attachment":[{"href":"https:\/\/blogs.correiobraziliense.com.br\/servidor\/wp-json\/wp\/v2\/media?parent=12823"}],"wp:term":[{"taxonomy":"category","embeddable":true,"href":"https:\/\/blogs.correiobraziliense.com.br\/servidor\/wp-json\/wp\/v2\/categories?post=12823"},{"taxonomy":"post_tag","embeddable":true,"href":"https:\/\/blogs.correiobraziliense.com.br\/servidor\/wp-json\/wp\/v2\/tags?post=12823"}],"curies":[{"name":"wp","href":"https:\/\/api.w.org\/{rel}","templated":true}]}}