{"id":1282,"date":"2016-03-15T17:00:05","date_gmt":"2016-03-15T20:00:05","guid":{"rendered":"https:\/\/blogs.correiobraziliense.com.br\/servidor\/?p=1282"},"modified":"2016-03-15T17:00:05","modified_gmt":"2016-03-15T20:00:05","slug":"carreiras-de-estado-inconformadas-com-privilegios","status":"publish","type":"post","link":"https:\/\/blogs.correiobraziliense.com.br\/servidor\/carreiras-de-estado-inconformadas-com-privilegios\/","title":{"rendered":"CARREIRAS DE ESTADO INCONFORMADAS COM PRIVIL\u00c9GIOS"},"content":{"rendered":"<p><span style=\"font-family: Utopia,sans-serif\"><span style=\"font-size: small\">As negocia\u00e7\u00f5es entre o governo e os servidores do Receita Federal, com privil\u00e9gios que aumentam exclusivamente os ganhos mensais de auditores fiscais e analistas tribut\u00e1rios, abriu uma guerra com as demais carreiras de estado. Oito delas se uniram e enviaram um of\u00edcio para pedir explica\u00e7\u00f5es sobre a estrat\u00e9gia diferenciada e exigir do secret\u00e1rio de Rela\u00e7\u00f5es do Trabalho do Minist\u00e9rio do Planejamento, S\u00e9rgio Mendon\u00e7a, o mesmo tratamento. Nos c\u00e1lculos de Rudinei Marques, presidente do Sindicato Nacional dos Analistas e T\u00e9cnicos de Finan\u00e7as e Controle (Unacon Sindical), at\u00e9 2019, os servidores do Fisco v\u00e3o inflar suas remunera\u00e7\u00f5es em 40%, com o aumento de 21,3% e o b\u00f4nus de efici\u00eancia de R$ 3 mil por m\u00eas.<\/span><\/span><\/p>\n<p><span style=\"font-family: Utopia,sans-serif\"><span style=\"font-size: small\">A maioria do pessoal que recebe por subs\u00eddio teve reajuste de 27,9%, em quatro anos. \u201cNossa base est\u00e1 incomodada. H\u00e1 c\u00e1lculos que apontam que o b\u00f4nus pode ultrapassar os R$ 8 mil mensais, o que resulta em aumento de 40%, superior at\u00e9 ao que ganharam os advogados federais (35%), com a inclus\u00e3o dos honor\u00e1rios de sucumb\u00eancia&#8221;, reclamou. Causa preocupa\u00e7\u00e3o, disse Daro Piffer, presidente do Sindicato Nacional dos Funcion\u00e1rios do Banco Central (Sinal), a desorganiza\u00e7\u00e3o do Executivo. <\/span><\/span><\/p>\n<p>\u201c<span style=\"font-family: Utopia,sans-serif\"><span style=\"font-size: small\">A forma como a negocia\u00e7\u00e3o est\u00e1 sendo feita. Queremos entender o porqu\u00ea da quebra do subs\u00eddio e da paridade e qual \u00e9 a verdadeira moeda de troca do governo, uma vez que ele j\u00e1 quebrou todos os paradigmas e n\u00e3o cumpriu nenhuma das diretrizes que ele mesmo estabeleceu\u201d, refor\u00e7ou. Em dezembro de 2014, o presidente do Sindicato Nacional dos Auditores Fiscais da Receita (Sindifisco), Cl\u00e1udio Damasceno, com exclusividade ao <em>Correio<\/em>, admitiu que \u201cse atingido 100% do \u00edndice de efici\u00eancia institucional, o b\u00f4nus corresponderia a R$ 9 mil por m\u00eas\u201d. No final de 2013, o Fundo Especial de Desenvolvimento das Atividades de Fiscaliza\u00e7\u00e3o (Fundaf), que bancar\u00e1 a fatura, acumulava cerca de R$ 8 bilh\u00f5es, disse.<\/span><\/span><\/p>\n","protected":false},"excerpt":{"rendered":"<p>As negocia\u00e7\u00f5es entre o governo e os servidores do Receita Federal, com privil\u00e9gios que aumentam exclusivamente os ganhos mensais de auditores fiscais e analistas tribut\u00e1rios, abriu uma guerra com as demais carreiras de estado. Oito delas se uniram e enviaram um of\u00edcio para pedir explica\u00e7\u00f5es sobre a estrat\u00e9gia diferenciada e exigir do secret\u00e1rio de Rela\u00e7\u00f5es do Trabalho do Minist\u00e9rio do [&hellip;]<\/p>\n","protected":false},"author":27,"featured_media":0,"comment_status":"open","ping_status":"closed","sticky":false,"template":"","format":"standard","meta":{"footnotes":""},"categories":[1],"tags":[511,648,618,1348,141,42,955,294,18],"class_list":["post-1282","post","type-post","status-publish","format-standard","hentry","category-sem-categoria","tag-analistas-tributarios","tag-auditores-fiscais","tag-carreiras-de-estado","tag-inconformadas","tag-ministerio-do-planejamento","tag-negociacao","tag-privilegios","tag-receita-federal","tag-salarial"],"_links":{"self":[{"href":"https:\/\/blogs.correiobraziliense.com.br\/servidor\/wp-json\/wp\/v2\/posts\/1282","targetHints":{"allow":["GET"]}}],"collection":[{"href":"https:\/\/blogs.correiobraziliense.com.br\/servidor\/wp-json\/wp\/v2\/posts"}],"about":[{"href":"https:\/\/blogs.correiobraziliense.com.br\/servidor\/wp-json\/wp\/v2\/types\/post"}],"author":[{"embeddable":true,"href":"https:\/\/blogs.correiobraziliense.com.br\/servidor\/wp-json\/wp\/v2\/users\/27"}],"replies":[{"embeddable":true,"href":"https:\/\/blogs.correiobraziliense.com.br\/servidor\/wp-json\/wp\/v2\/comments?post=1282"}],"version-history":[{"count":1,"href":"https:\/\/blogs.correiobraziliense.com.br\/servidor\/wp-json\/wp\/v2\/posts\/1282\/revisions"}],"predecessor-version":[{"id":1283,"href":"https:\/\/blogs.correiobraziliense.com.br\/servidor\/wp-json\/wp\/v2\/posts\/1282\/revisions\/1283"}],"wp:attachment":[{"href":"https:\/\/blogs.correiobraziliense.com.br\/servidor\/wp-json\/wp\/v2\/media?parent=1282"}],"wp:term":[{"taxonomy":"category","embeddable":true,"href":"https:\/\/blogs.correiobraziliense.com.br\/servidor\/wp-json\/wp\/v2\/categories?post=1282"},{"taxonomy":"post_tag","embeddable":true,"href":"https:\/\/blogs.correiobraziliense.com.br\/servidor\/wp-json\/wp\/v2\/tags?post=1282"}],"curies":[{"name":"wp","href":"https:\/\/api.w.org\/{rel}","templated":true}]}}