{"id":12806,"date":"2019-06-10T11:48:29","date_gmt":"2019-06-10T14:48:29","guid":{"rendered":"https:\/\/blogs.correiobraziliense.com.br\/servidor\/?p=12806"},"modified":"2019-06-10T11:48:29","modified_gmt":"2019-06-10T14:48:29","slug":"policia-federal-ganha-reforco","status":"publish","type":"post","link":"https:\/\/blogs.correiobraziliense.com.br\/servidor\/policia-federal-ganha-reforco\/","title":{"rendered":"Pol\u00edcia Federal ganha refor\u00e7o"},"content":{"rendered":"<p><em>Delegados, peritos criminais, agentes, papiloscopistas e escriv\u00e3es aprovados no concurso da PF iniciam curso de forma\u00e7\u00e3o hoje, 10 de junho de 2019<\/em><\/p>\n<p>Os futuros delegados federais, aprovados no \u00faltimo concurso p\u00fablico da PF, iniciam hoje (10) o Curso de Forma\u00e7\u00e3o Profissional na Academia Nacional de Pol\u00edcia (ANP). A primeira turma se apresentou neste final de semana na escola e a ADPF esteve no local para recepcion\u00e1-los.<\/p>\n<p>\u201cQueremos dar as boas vindas aos novos delegados que atuar\u00e3o na defesa da sociedade e fortalecimento da Pol\u00edcia Federal. Espero que aproveitem o curso e vivam essa experi\u00eancia incr\u00edvel na Academia. H\u00e1 12 anos, eu vivi a mesma emo\u00e7\u00e3o e foi inesquec\u00edvel\u201d, ressaltou o presidente da ADPF, Edvandir Felix de Paiva.<\/p>\n<p>Ao todo, 177 aprovados para o cargo de delegado federal participam das aulas que come\u00e7aram hoje e devem ir at\u00e9 novembro deste ano. Tamb\u00e9m recebem treinamento as categorias: perito criminal, agente, papiloscopista e escriv\u00e3o.<\/p>\n<p>Realizado na Academia Nacional de Pol\u00edcia, no Distrito Federal, o curso funciona sob regime de internato, de 7h30 de segunda-feira at\u00e9 as 18h de s\u00e1bado. Para os delegados federais, as aulas s\u00e3o focadas em gest\u00e3o policial, investiga\u00e7\u00e3o e outras mat\u00e9rias para a forma\u00e7\u00e3o te\u00f3rica e pr\u00e1tica. Al\u00e9m disso, s\u00e3o realizados treinos e testes de preparo f\u00edsico e tiro.<\/p>\n","protected":false},"excerpt":{"rendered":"<p>Delegados, peritos criminais, agentes, papiloscopistas e escriv\u00e3es aprovados no concurso da PF iniciam curso de forma\u00e7\u00e3o hoje, 10 de junho de 2019 Os futuros delegados federais, aprovados no \u00faltimo concurso p\u00fablico da PF, iniciam hoje (10) o Curso de Forma\u00e7\u00e3o Profissional na Academia Nacional de Pol\u00edcia (ANP). A primeira turma se apresentou neste final de semana na escola e a [&hellip;]<\/p>\n","protected":false},"author":27,"featured_media":0,"comment_status":"open","ping_status":"closed","sticky":false,"template":"","format":"standard","meta":{"footnotes":""},"categories":[2719],"tags":[229,3706,93,232,788,4443,722,789,504,319,104,4164,15440,8563],"class_list":["post-12806","post","type-post","status-publish","format-standard","hentry","category-servidor","tag-agentes","tag-anp","tag-concurso","tag-delegados","tag-escrivaes","tag-formacao","tag-investigacao","tag-papiloscopistas","tag-peritos","tag-pf","tag-policia-federal","tag-policial","tag-prparo","tag-tiro"],"_links":{"self":[{"href":"https:\/\/blogs.correiobraziliense.com.br\/servidor\/wp-json\/wp\/v2\/posts\/12806","targetHints":{"allow":["GET"]}}],"collection":[{"href":"https:\/\/blogs.correiobraziliense.com.br\/servidor\/wp-json\/wp\/v2\/posts"}],"about":[{"href":"https:\/\/blogs.correiobraziliense.com.br\/servidor\/wp-json\/wp\/v2\/types\/post"}],"author":[{"embeddable":true,"href":"https:\/\/blogs.correiobraziliense.com.br\/servidor\/wp-json\/wp\/v2\/users\/27"}],"replies":[{"embeddable":true,"href":"https:\/\/blogs.correiobraziliense.com.br\/servidor\/wp-json\/wp\/v2\/comments?post=12806"}],"version-history":[{"count":1,"href":"https:\/\/blogs.correiobraziliense.com.br\/servidor\/wp-json\/wp\/v2\/posts\/12806\/revisions"}],"predecessor-version":[{"id":12807,"href":"https:\/\/blogs.correiobraziliense.com.br\/servidor\/wp-json\/wp\/v2\/posts\/12806\/revisions\/12807"}],"wp:attachment":[{"href":"https:\/\/blogs.correiobraziliense.com.br\/servidor\/wp-json\/wp\/v2\/media?parent=12806"}],"wp:term":[{"taxonomy":"category","embeddable":true,"href":"https:\/\/blogs.correiobraziliense.com.br\/servidor\/wp-json\/wp\/v2\/categories?post=12806"},{"taxonomy":"post_tag","embeddable":true,"href":"https:\/\/blogs.correiobraziliense.com.br\/servidor\/wp-json\/wp\/v2\/tags?post=12806"}],"curies":[{"name":"wp","href":"https:\/\/api.w.org\/{rel}","templated":true}]}}