{"id":12792,"date":"2019-06-06T18:35:37","date_gmt":"2019-06-06T21:35:37","guid":{"rendered":"https:\/\/blogs.correiobraziliense.com.br\/servidor\/?p=12792"},"modified":"2019-06-06T18:35:37","modified_gmt":"2019-06-06T21:35:37","slug":"livro-suprema-corte-dos-estados-unidos-principais-decisoes","status":"publish","type":"post","link":"https:\/\/blogs.correiobraziliense.com.br\/servidor\/livro-suprema-corte-dos-estados-unidos-principais-decisoes\/","title":{"rendered":"Livro &#8211; &#8220;Suprema Corte dos Estados Unidos, principais decis\u00f5es&#8221;"},"content":{"rendered":"<p><em><span style=\"text-align: left;color: #333333;text-indent: 0px;letter-spacing: normal;font-family: -apple-system,BlinkMacSystemFont,'Segoe UI',Roboto,Oxygen-Sans,Ubuntu,Cantarell,'Helvetica Neue',sans-serif;font-size: 16px;font-variant: normal;font-weight: 400;text-decoration: none;cursor: text;float: none;background-color: transparent\">A publica\u00e7\u00e3o \u00e9 a \u00fanica no mercado editorial brasileiro que re\u00fane os principais julgamentos da Suprema Corte norte-americana, de 1803 a 2018<\/span><\/em><\/p>\n<p><img loading=\"lazy\" decoding=\"async\" class=\"size-full wp-image-12793 aligncenter\" src=\"https:\/\/blogs.correiobraziliense.com.br\/servidor\/wp-content\/uploads\/sites\/10\/2019\/06\/livro-corte-americana.png\" alt=\"\" width=\"695\" height=\"954\" \/><\/p>\n<p>Aos interessados e estudiosos em Direito Constitucional norte-americano, uma novidade: o procurador da Fazenda Nacional, Jo\u00e3o Carlos Souto, especialista no tema h\u00e1 mais de 25 anos, publicou an\u00e1lises in\u00e9ditas sobre as decis\u00f5es da mais alta inst\u00e2ncia judici\u00e1ria norte-americana na terceira edi\u00e7\u00e3o do seu livro Suprema Corte dos Estados Unidos &#8211; Principais Decis\u00f5es.<\/p>\n<p>Entre as novidades nesta edi\u00e7\u00e3o est\u00e1 o recente julgamento conhecido como \u201cTrump v. Hawaii\u201d, de 2018, em que o presidente do pa\u00eds, Donald Trump, adotou novas normas de imigra\u00e7\u00e3o e restringiu viagens aos Estados Unidos por pessoas de v\u00e1rios pa\u00edses. O livro oferece aos leitores uma profunda reflex\u00e3o sobre o legado do Direito Constitucional norte-americano e sua Carta Magna de mais de dois s\u00e9culos de vig\u00eancia. A publica\u00e7\u00e3o \u00e9 a \u00fanica no mercado editorial brasileiro que re\u00fane os principais julgamentos da Suprema Corte norte-americana, de 1803 a 2018.<\/p>\n<p><strong>Sobre o autor<\/strong><\/p>\n<p>De acordo com Souto, a motiva\u00e7\u00e3o para escrever sobre a Suprema Corte dos EUA vem da atividade acad\u00eamica que desenvolve desde 1996. O autor \u00e9 professor de Direito Constitucional, em cursos de gradua\u00e7\u00e3o e p\u00f3s-gradua\u00e7\u00e3o.<\/p>\n<p>Formado em Direito pela Universidade Federal da Bahia, \u00e9 especialista em Direito Constitucional norte-americano pela University of Delaware (1995), Harvard Law School (1998) e Thomas Jefferson Jefferson School of Law (2012). \u00c9 mestre em Direito P\u00fablico e Procurador da Fazenda Nacional desde 1993.<\/p>\n<p>Atuou na Coordena\u00e7\u00e3o de Assuntos Internacionais da Procuradoria-Geral da Fazenda Nacional (PGFN). Foi Presidente do Sindicato Nacional dos Procuradores da Fazenda Nacional por dois mandatos (2005-2009) e Presidente do F\u00f3rum Nacional da Advocacia P\u00fablica Federal (2007-2011), entidade que congrega todas as carreiras da Advocacia Geral da Uni\u00e3o (AGU).<\/p>\n<p>Al\u00e9m da obra &#8220;Suprema Corte dos Estados Unidos &#8211; Principais Decis\u00f5es&#8221;, Souto publicou &#8220;A Uni\u00e3o Federal em Ju\u00edzo&#8221;. E \u00e9 co-autor de &#8220;Liberdade e Fraternidade, a Contribui\u00e7\u00e3o de Ayres Brito ao Direito\u201d.<\/p>\n<p><strong>Lan\u00e7amento do livro:<\/strong><\/p>\n<p>Data: 10\/06\/2019<br \/>\nHor\u00e1rio: 18 horas<br \/>\nLocal: Restaurante 11\u00b0 andar. Edif\u00edcio Conselho Federal da OAB.<br \/>\nEndere\u00e7o: SAUS quadra 5, bloco M, Bras\u00edlia-DF.<\/p>\n","protected":false},"excerpt":{"rendered":"<p>A publica\u00e7\u00e3o \u00e9 a \u00fanica no mercado editorial brasileiro que re\u00fane os principais julgamentos da Suprema Corte norte-americana, de 1803 a 2018 Aos interessados e estudiosos em Direito Constitucional norte-americano, uma novidade: o procurador da Fazenda Nacional, Jo\u00e3o Carlos Souto, especialista no tema h\u00e1 mais de 25 anos, publicou an\u00e1lises in\u00e9ditas sobre as decis\u00f5es da mais alta inst\u00e2ncia judici\u00e1ria norte-americana [&hellip;]<\/p>\n","protected":false},"author":27,"featured_media":0,"comment_status":"open","ping_status":"closed","sticky":false,"template":"","format":"standard","meta":{"footnotes":""},"categories":[2719],"tags":[1864,15437,15438,4395,10083,1949,1317,1079,928,3628,1733,2175,15436,2822],"class_list":["post-12792","post","type-post","status-publish","format-standard","hentry","category-servidor","tag-decisoes","tag-direito-constitucional","tag-donald-trump","tag-fazenda-nacional","tag-imigracao","tag-julgamento","tag-lancamento","tag-livro","tag-normas","tag-procurador","tag-publicacao","tag-sinprofaz","tag-suprema-corte-dos-estados-unidos","tag-viagens"],"_links":{"self":[{"href":"https:\/\/blogs.correiobraziliense.com.br\/servidor\/wp-json\/wp\/v2\/posts\/12792","targetHints":{"allow":["GET"]}}],"collection":[{"href":"https:\/\/blogs.correiobraziliense.com.br\/servidor\/wp-json\/wp\/v2\/posts"}],"about":[{"href":"https:\/\/blogs.correiobraziliense.com.br\/servidor\/wp-json\/wp\/v2\/types\/post"}],"author":[{"embeddable":true,"href":"https:\/\/blogs.correiobraziliense.com.br\/servidor\/wp-json\/wp\/v2\/users\/27"}],"replies":[{"embeddable":true,"href":"https:\/\/blogs.correiobraziliense.com.br\/servidor\/wp-json\/wp\/v2\/comments?post=12792"}],"version-history":[{"count":1,"href":"https:\/\/blogs.correiobraziliense.com.br\/servidor\/wp-json\/wp\/v2\/posts\/12792\/revisions"}],"predecessor-version":[{"id":12794,"href":"https:\/\/blogs.correiobraziliense.com.br\/servidor\/wp-json\/wp\/v2\/posts\/12792\/revisions\/12794"}],"wp:attachment":[{"href":"https:\/\/blogs.correiobraziliense.com.br\/servidor\/wp-json\/wp\/v2\/media?parent=12792"}],"wp:term":[{"taxonomy":"category","embeddable":true,"href":"https:\/\/blogs.correiobraziliense.com.br\/servidor\/wp-json\/wp\/v2\/categories?post=12792"},{"taxonomy":"post_tag","embeddable":true,"href":"https:\/\/blogs.correiobraziliense.com.br\/servidor\/wp-json\/wp\/v2\/tags?post=12792"}],"curies":[{"name":"wp","href":"https:\/\/api.w.org\/{rel}","templated":true}]}}