{"id":12781,"date":"2019-06-05T19:14:59","date_gmt":"2019-06-05T22:14:59","guid":{"rendered":"https:\/\/blogs.correiobraziliense.com.br\/servidor\/?p=12781"},"modified":"2019-06-05T19:14:59","modified_gmt":"2019-06-05T22:14:59","slug":"fenapef-nota-de-esclarecimento-sobre-a-aposentadoria-do-policial","status":"publish","type":"post","link":"https:\/\/blogs.correiobraziliense.com.br\/servidor\/fenapef-nota-de-esclarecimento-sobre-a-aposentadoria-do-policial\/","title":{"rendered":"Fenapef &#8211; Nota de esclarecimento sobre a aposentadoria do policial"},"content":{"rendered":"<p><em>A Fenapef, insatisfeita com o desenrolar das negocia\u00e7\u00f5es entre os policiais federais e o governo, sobre a aposentadoria dos servidores, coloca a categoria em alerta para uma poss\u00edvel convoca\u00e7\u00e3o para defender os interesses em Bras\u00edlia. O texto da reforma da Previd\u00eancia, como est\u00e1, de acordo com a Fenapef, reduz a remunera\u00e7\u00e3o de ativos e aposentados em at\u00e9 R$ 1,340 mil mensais e deixa as fam\u00edlias sem pens\u00e3o<\/em><\/p>\n<p>Veja a nota da Fenapef:<\/p>\n<p>&#8220;A Federa\u00e7\u00e3o Nacional dos Policiais Federais, cumprindo com sua fun\u00e7\u00e3o, esclarece a todos os seus filiados que:<\/p>\n<p>Foram realizadas duas agendas junto \u00e0 Casa Civil do atual governo &#8211; presente inclusive o atual Ministro Weintraub, antes do envio da reforma da previd\u00eancia ao Congresso Nacional, tendo havido o compromisso expresso de manter a similaridade de tratamento com os militares das For\u00e7as Armadas, inclusive em projeto apartado, n\u00e3o tendo sido tal acordo honrado pelo governo;<\/p>\n<p>Ap\u00f3s o envio da Proposta de Emenda Constitucional n\u00ba 06\/2019 &#8211; reforma da previd\u00eancia &#8211; foram feitas in\u00fameras reuni\u00f5es com os l\u00edderes do governo no executivo e legislativo, com demonstra\u00e7\u00e3o das especificidades da carreira policial, bem como participa\u00e7\u00e3o em v\u00e1rias audi\u00eancias p\u00fablicas para esclarecer que a proposta implementa a PIOR APOSENTADORIA POLICIAL DO MUNDO.<\/p>\n<p>Cabe ressaltar que, pelo menos cinco reuni\u00f5es foram realizadas com o relator da reforma da previd\u00eancia, Deputado Samuel Moreira. Em todas as oportunidades esse parlamentar sempre afirmou que estava apenas aguardando o aceno da equipe econ\u00f4mica para efetivar as mudan\u00e7as na aposentadoria policial.<\/p>\n<p>Destaque-se a reuni\u00e3o do dia 20 de maio, na Presid\u00eancia da Rep\u00fablica, com a participa\u00e7\u00e3o do presidente Jair Bolsonaro, dos ministros Paulo Guedes e Onix Lorenzoni, dos deputados Joice Hasselman, H\u00e9lio Bolsonaro e Major V\u00edtor Hugo, oportunidade na qual a Presid\u00eancia afirmou que os policiais teriam tratamento ison\u00f4mico ao dos militares.<\/p>\n<p>Importa frisar um detalhamento: n\u00e3o foi efetivado naquele momento o tratamento ison\u00f4mico a pedido do Ministro Paulo Guedes, chancelado pelo Ministro Onix Lorenzoni, tendo em vista &#8220;a necessidade de fazer os c\u00e1lculos&#8221;. Todas as reuni\u00f5es acima relatadas foram ratificadas por posicionamento de deputados da base do governo, alguns pr\u00f3ximos ou integrantes das carreiras policiais.<\/p>\n<p>N\u00e3o obstante todos os compromissos firmados, agendas e audi\u00eancias p\u00fablicas, as representa\u00e7\u00f5es policiais foram surpreendidas por posicionamentos da Presid\u00eancia da Rep\u00fablica e do Minist\u00e9rio da Economia, ap\u00f3s almo\u00e7o no dia 4 de junho, afirmando a manuten\u00e7\u00e3o da proposta hoje existente, ou seja, A PIOR APOSENTADORIA POLICIAL DO MUNDO.<\/p>\n<p>Informamos aos policiais federais a necessidade de ficarem em estado de alerta para convoca\u00e7\u00f5es, AGEs e o necess\u00e1rio convencimento dos parlamentares da Comiss\u00e3o Especial, para continuarmos lutando pelos nossos direitos previdenci\u00e1rios.<\/p>\n<p>Por fim, lembramos que a atual proposta, caso aprovada nos moldes em que se encontra na C\u00e2mara dos Deputados, causar\u00e1 uma disfun\u00e7\u00e3o na atividade policial federal, criando indubitavelmente &#8220;duas pol\u00edcias federais&#8221;, situa\u00e7\u00e3o essa que poder\u00e1 afetar diretamente na qualidade e produtividade do \u00f3rg\u00e3o, causando desinteresse na atividade fim, que \u00e9 investigar e combater o crime, especialmente a corrup\u00e7\u00e3o.<\/p>\n<p>Al\u00e9m disso, diminui imediatamente a remunera\u00e7\u00e3o l\u00edquida de todos, INCLUSIVE DOS APOSENTADOS, no valor vari\u00e1vel de seiscentos reais at\u00e9 mil trezentos e quarenta reais mensais no sal\u00e1rio. Isso sem contar a absurda falta de prote\u00e7\u00e3o \u00e0 fam\u00edlia do policial, que corre o risco de ficar, em alguns casos, SEM NENHUMA PENS\u00c3O. Isso mesmo: pens\u00e3o zero.<\/p>\n<p>Portanto, conclamamos toda a categoria para que se coloque em estado de prontid\u00e3o e aten\u00e7\u00e3o \u00e0s convoca\u00e7\u00f5es de AGE\u00b4s, assim como deslocamentos \u00e0 Bras\u00edlia\u00a0 O apoio concedido pela maioria dos operadores de seguran\u00e7a p\u00fablica na elei\u00e7\u00e3o n\u00e3o ser\u00e1 transformado num cheque em branco em preju\u00edzo pr\u00f3prio.<\/p>\n<p>Bras\u00edlia, 05 de junho de 2019. &#8221;<\/p>\n<p>Diretoria Executiva da FENAPEF &#8220;<\/p>\n","protected":false},"excerpt":{"rendered":"<p>A Fenapef, insatisfeita com o desenrolar das negocia\u00e7\u00f5es entre os policiais federais e o governo, sobre a aposentadoria dos servidores, coloca a categoria em alerta para uma poss\u00edvel convoca\u00e7\u00e3o para defender os interesses em Bras\u00edlia. O texto da reforma da Previd\u00eancia, como est\u00e1, de acordo com a Fenapef, reduz a remunera\u00e7\u00e3o de ativos e aposentados em at\u00e9 R$ 1,340 mil [&hellip;]<\/p>\n","protected":false},"author":27,"featured_media":0,"comment_status":"open","ping_status":"closed","sticky":false,"template":"","format":"standard","meta":{"footnotes":""},"categories":[2719],"tags":[138,6,15432,704,4898,59,107,98,1680,894,15431,110,9727],"class_list":["post-12781","post","type-post","status-publish","format-standard","hentry","category-servidor","tag-alerta","tag-aposentadoria","tag-catetoria","tag-convocacao","tag-familias","tag-federais","tag-fenapef","tag-governo","tag-interesses","tag-negociacoes","tag-penao","tag-policiais","tag-reforma-da-previdencia"],"_links":{"self":[{"href":"https:\/\/blogs.correiobraziliense.com.br\/servidor\/wp-json\/wp\/v2\/posts\/12781","targetHints":{"allow":["GET"]}}],"collection":[{"href":"https:\/\/blogs.correiobraziliense.com.br\/servidor\/wp-json\/wp\/v2\/posts"}],"about":[{"href":"https:\/\/blogs.correiobraziliense.com.br\/servidor\/wp-json\/wp\/v2\/types\/post"}],"author":[{"embeddable":true,"href":"https:\/\/blogs.correiobraziliense.com.br\/servidor\/wp-json\/wp\/v2\/users\/27"}],"replies":[{"embeddable":true,"href":"https:\/\/blogs.correiobraziliense.com.br\/servidor\/wp-json\/wp\/v2\/comments?post=12781"}],"version-history":[{"count":1,"href":"https:\/\/blogs.correiobraziliense.com.br\/servidor\/wp-json\/wp\/v2\/posts\/12781\/revisions"}],"predecessor-version":[{"id":12782,"href":"https:\/\/blogs.correiobraziliense.com.br\/servidor\/wp-json\/wp\/v2\/posts\/12781\/revisions\/12782"}],"wp:attachment":[{"href":"https:\/\/blogs.correiobraziliense.com.br\/servidor\/wp-json\/wp\/v2\/media?parent=12781"}],"wp:term":[{"taxonomy":"category","embeddable":true,"href":"https:\/\/blogs.correiobraziliense.com.br\/servidor\/wp-json\/wp\/v2\/categories?post=12781"},{"taxonomy":"post_tag","embeddable":true,"href":"https:\/\/blogs.correiobraziliense.com.br\/servidor\/wp-json\/wp\/v2\/tags?post=12781"}],"curies":[{"name":"wp","href":"https:\/\/api.w.org\/{rel}","templated":true}]}}