{"id":12773,"date":"2019-06-05T15:44:50","date_gmt":"2019-06-05T18:44:50","guid":{"rendered":"https:\/\/blogs.correiobraziliense.com.br\/servidor\/?p=12773"},"modified":"2019-06-05T15:44:50","modified_gmt":"2019-06-05T18:44:50","slug":"forcas-tarefas-da-lava-jato-greenfield-e-zelotes-destacam-importancia-da-lista-triplice-na-escolha-de-novo-pgr","status":"publish","type":"post","link":"https:\/\/blogs.correiobraziliense.com.br\/servidor\/forcas-tarefas-da-lava-jato-greenfield-e-zelotes-destacam-importancia-da-lista-triplice-na-escolha-de-novo-pgr\/","title":{"rendered":"For\u00e7as-tarefas da Lava Jato, Greenfield e Zelotes destacam import\u00e2ncia da lista tr\u00edplice na escolha de novo PGR"},"content":{"rendered":"<p><em>Em nota, procuradores em Curitiba, S\u00e3o Paulo e Rio de Janeiro refor\u00e7am relev\u00e2ncia do processo para promover a independ\u00eancia de atua\u00e7\u00e3o no cargo. Eles defendem que a escolha do presidente da Rep\u00fablica seja feita a partir da lista que ser\u00e1 formada nesse m\u00eas de junho para que a atua\u00e7\u00e3o contra a corrup\u00e7\u00e3o seja mantida e aprimorada<\/em><\/p>\n<p>Veja a nota:<\/p>\n<p>&#8220;Considerando que est\u00e1 em desenvolvimento relevante processo de debates p\u00fablicos para a forma\u00e7\u00e3o da lista tr\u00edplice para o cargo de procurador-geral da Rep\u00fablica, e que se trata de cargo chave para que a atua\u00e7\u00e3o contra a corrup\u00e7\u00e3o possa ser mantida e aprimorada, os procuradores que comp\u00f5em as for\u00e7as-tarefas das opera\u00e7\u00f5es Greenfield e Zelotes, em Bras\u00edlia, e Lava Jato, em Curitiba, S\u00e3o Paulo e Rio de Janeiro, v\u00eam a p\u00fablico defender a import\u00e2ncia de que a escolha pelo presidente da Rep\u00fablica seja feita a partir da lista que ser\u00e1 formada neste m\u00eas de junho, pelas seguintes raz\u00f5es:<\/p>\n<p>1. A lista tr\u00edplice qualifica a escolha do presidente da Rep\u00fablica, apresentando-lhe como op\u00e7\u00f5es integrantes da institui\u00e7\u00e3o com s\u00f3lida hist\u00f3ria institucional e qualidades t\u00e9cnicas pret\u00e9ritas provadas e aprovadas por procuradores e procuradoras que conhecem e acompanham h\u00e1 muito tempo sua atua\u00e7\u00e3o p\u00fablica, inclusive recente.<\/p>\n<p>2. O processo de forma\u00e7\u00e3o da lista tr\u00edplice deve ser renovado a cada dois anos para que possa ocorrer uma an\u00e1lise ampla das posi\u00e7\u00f5es, vis\u00f5es e hist\u00f3rico de gest\u00e3o dos candidatos, em face das necessidades atuais do pa\u00eds, sujeitando-se \u00e0 cr\u00edtica p\u00fablica, o que \u00e9 uma importante forma democr\u00e1tica de controle social, em debates abertos e realizados em todas as regi\u00f5es do pa\u00eds.<\/p>\n<p>3. A lista tr\u00edplice, necess\u00e1ria inclusive em eventuais recondu\u00e7\u00f5es, tende a promover a independ\u00eancia na atua\u00e7\u00e3o do procurador-geral em rela\u00e7\u00e3o aos demais poderes da Rep\u00fablica, evitando nomea\u00e7\u00f5es que restrinjam ou asfixiem investiga\u00e7\u00f5es e processos que envolvem interesses poderosos, uma vez que o PGR tem, por exemplo, ampla influ\u00eancia sobre o devido e necess\u00e1rio encaminhamento de colabora\u00e7\u00f5es premiadas e inqu\u00e9ritos que investigam autoridades com foro privilegiado.<\/p>\n<p>4. Por todas essas raz\u00f5es, a lista tr\u00edplice se consagrou como um mandamento nos Minist\u00e9rios P\u00fablicos dos Estados e como um costume constitucional no \u00e2mbito federal. S\u00f3 a lista tr\u00edplice garante a legitimidade interna essencial para que o procurador-geral possa liderar, com plena capacidade, os procuradores na dire\u00e7\u00e3o do cumprimento dos fins da Institui\u00e7\u00e3o, inclusive em sua atividade anticorrup\u00e7\u00e3o.&#8221;<\/p>\n","protected":false},"excerpt":{"rendered":"<p>Em nota, procuradores em Curitiba, S\u00e3o Paulo e Rio de Janeiro refor\u00e7am relev\u00e2ncia do processo para promover a independ\u00eancia de atua\u00e7\u00e3o no cargo. Eles defendem que a escolha do presidente da Rep\u00fablica seja feita a partir da lista que ser\u00e1 formada nesse m\u00eas de junho para que a atua\u00e7\u00e3o contra a corrup\u00e7\u00e3o seja mantida e aprimorada Veja a nota: &#8220;Considerando [&hellip;]<\/p>\n","protected":false},"author":27,"featured_media":0,"comment_status":"open","ping_status":"closed","sticky":false,"template":"","format":"standard","meta":{"footnotes":""},"categories":[2719],"tags":[300,205,661,15426,15424,263,283,764,548,15427,1235,15425,754,1673,328],"class_list":["post-12773","post","type-post","status-publish","format-standard","hentry","category-servidor","tag-cargo","tag-corrupcao","tag-curitiba","tag-foras-tarefas","tag-greenfiel","tag-independencia","tag-lava-jato","tag-lista-triplice","tag-pgr","tag-presdiene-da-republica","tag-procuradores","tag-procuradoria-geral-da-republica","tag-rio-de-janeiro","tag-sao-paulo","tag-zelotes"],"_links":{"self":[{"href":"https:\/\/blogs.correiobraziliense.com.br\/servidor\/wp-json\/wp\/v2\/posts\/12773","targetHints":{"allow":["GET"]}}],"collection":[{"href":"https:\/\/blogs.correiobraziliense.com.br\/servidor\/wp-json\/wp\/v2\/posts"}],"about":[{"href":"https:\/\/blogs.correiobraziliense.com.br\/servidor\/wp-json\/wp\/v2\/types\/post"}],"author":[{"embeddable":true,"href":"https:\/\/blogs.correiobraziliense.com.br\/servidor\/wp-json\/wp\/v2\/users\/27"}],"replies":[{"embeddable":true,"href":"https:\/\/blogs.correiobraziliense.com.br\/servidor\/wp-json\/wp\/v2\/comments?post=12773"}],"version-history":[{"count":1,"href":"https:\/\/blogs.correiobraziliense.com.br\/servidor\/wp-json\/wp\/v2\/posts\/12773\/revisions"}],"predecessor-version":[{"id":12774,"href":"https:\/\/blogs.correiobraziliense.com.br\/servidor\/wp-json\/wp\/v2\/posts\/12773\/revisions\/12774"}],"wp:attachment":[{"href":"https:\/\/blogs.correiobraziliense.com.br\/servidor\/wp-json\/wp\/v2\/media?parent=12773"}],"wp:term":[{"taxonomy":"category","embeddable":true,"href":"https:\/\/blogs.correiobraziliense.com.br\/servidor\/wp-json\/wp\/v2\/categories?post=12773"},{"taxonomy":"post_tag","embeddable":true,"href":"https:\/\/blogs.correiobraziliense.com.br\/servidor\/wp-json\/wp\/v2\/tags?post=12773"}],"curies":[{"name":"wp","href":"https:\/\/api.w.org\/{rel}","templated":true}]}}