{"id":12766,"date":"2019-06-05T15:10:20","date_gmt":"2019-06-05T18:10:20","guid":{"rendered":"https:\/\/blogs.correiobraziliense.com.br\/servidor\/?p=12766"},"modified":"2019-06-05T15:10:20","modified_gmt":"2019-06-05T18:10:20","slug":"contagem-regressiva-para-a-greve-geral-de-14-de-junho","status":"publish","type":"post","link":"https:\/\/blogs.correiobraziliense.com.br\/servidor\/contagem-regressiva-para-a-greve-geral-de-14-de-junho\/","title":{"rendered":"Contagem regressiva para a greve geral de 14 de junho"},"content":{"rendered":"<p><em>Centrais sindicais se preparam para um grande movimento. &#8220;Vamos parar um dia para evitar o retrocesso de uma vida inteira&#8221;. Esse \u00e9 o lema da greve geral do pr\u00f3ximo dia 14 de junho. O movimento paredista, que vem ganhando cada vez mais ades\u00e3o, traz na pauta a luta contra a reforma da Previd\u00eancia e de v\u00e1rios outros projetos da equipe econ\u00f4mica do presidente Bolsonaro.<\/em><\/p>\n<p>\u201cA greve geral insurge contra os ataques \u00e0 classe trabalhadora e \u00e0 sociedade em geral. Desde a redemocratiza\u00e7\u00e3o do pa\u00eds, nenhum outro governo cometeu tantas a\u00e7\u00f5es contra os direitos trabalhistas, os direitos individuais, os direitos humanos. Por isso, \u00e9 importante que toda a classe trabalhadora fa\u00e7a ades\u00e3o ao movimento grevista, como forma de demonstrar que n\u00e3o iremos aceitar retrocesso\u201d, afirma o banc\u00e1rio e presidente da CUT Bras\u00edlia, Rodrigo Britto.<\/p>\n<p>Al\u00e9m da luta contra a reforma da Previd\u00eancia, a pauta da greve geral ainda aborda os seguintes eixos:<\/p>\n<p>\u2013 Contra as privatiza\u00e7\u00f5es e desmonte das empresas p\u00fablicas;<\/p>\n<p>\u2013 Contra os ataques e desmonte do servi\u00e7o p\u00fablico;<\/p>\n<p>\u2013 Por emprego, renda e direitos;<\/p>\n<p>\u2013 Pelo acesso democr\u00e1tico e popular \u00e0 terra, dialogando com a reforma agr\u00e1ria, os povos origin\u00e1rios dos quilombos e povos ind\u00edgenas;<\/p>\n<p>\u2013 Por igualdade de oportunidades e direitos;<\/p>\n<p>\u2013 Pela garantia do Estado Democr\u00e1tico de Direito.<\/p>\n","protected":false},"excerpt":{"rendered":"<p>Centrais sindicais se preparam para um grande movimento. &#8220;Vamos parar um dia para evitar o retrocesso de uma vida inteira&#8221;. Esse \u00e9 o lema da greve geral do pr\u00f3ximo dia 14 de junho. O movimento paredista, que vem ganhando cada vez mais ades\u00e3o, traz na pauta a luta contra a reforma da Previd\u00eancia e de v\u00e1rios outros projetos da equipe [&hellip;]<\/p>\n","protected":false},"author":27,"featured_media":0,"comment_status":"open","ping_status":"closed","sticky":false,"template":"","format":"standard","meta":{"footnotes":""},"categories":[2719],"tags":[15423,474,1101,999,1801,540,549,1300,13450,9727,705,19],"class_list":["post-12766","post","type-post","status-publish","format-standard","hentry","category-servidor","tag-14-de-junho","tag-adesao","tag-centrais-sindicais","tag-cut","tag-greve-geral","tag-movimento","tag-previdencia","tag-projetos","tag-redemocratizacao","tag-reforma-da-previdencia","tag-retrocesso","tag-trabalhadores"],"_links":{"self":[{"href":"https:\/\/blogs.correiobraziliense.com.br\/servidor\/wp-json\/wp\/v2\/posts\/12766","targetHints":{"allow":["GET"]}}],"collection":[{"href":"https:\/\/blogs.correiobraziliense.com.br\/servidor\/wp-json\/wp\/v2\/posts"}],"about":[{"href":"https:\/\/blogs.correiobraziliense.com.br\/servidor\/wp-json\/wp\/v2\/types\/post"}],"author":[{"embeddable":true,"href":"https:\/\/blogs.correiobraziliense.com.br\/servidor\/wp-json\/wp\/v2\/users\/27"}],"replies":[{"embeddable":true,"href":"https:\/\/blogs.correiobraziliense.com.br\/servidor\/wp-json\/wp\/v2\/comments?post=12766"}],"version-history":[{"count":1,"href":"https:\/\/blogs.correiobraziliense.com.br\/servidor\/wp-json\/wp\/v2\/posts\/12766\/revisions"}],"predecessor-version":[{"id":12767,"href":"https:\/\/blogs.correiobraziliense.com.br\/servidor\/wp-json\/wp\/v2\/posts\/12766\/revisions\/12767"}],"wp:attachment":[{"href":"https:\/\/blogs.correiobraziliense.com.br\/servidor\/wp-json\/wp\/v2\/media?parent=12766"}],"wp:term":[{"taxonomy":"category","embeddable":true,"href":"https:\/\/blogs.correiobraziliense.com.br\/servidor\/wp-json\/wp\/v2\/categories?post=12766"},{"taxonomy":"post_tag","embeddable":true,"href":"https:\/\/blogs.correiobraziliense.com.br\/servidor\/wp-json\/wp\/v2\/tags?post=12766"}],"curies":[{"name":"wp","href":"https:\/\/api.w.org\/{rel}","templated":true}]}}