{"id":12751,"date":"2019-06-03T11:51:17","date_gmt":"2019-06-03T14:51:17","guid":{"rendered":"https:\/\/blogs.correiobraziliense.com.br\/servidor\/?p=12751"},"modified":"2019-06-03T11:51:17","modified_gmt":"2019-06-03T14:51:17","slug":"4o-congresso-luso-brasileiro-de-auditores-fiscais-discute-relacao-fisco-contribuinte-e-reforma-tributaria","status":"publish","type":"post","link":"https:\/\/blogs.correiobraziliense.com.br\/servidor\/4o-congresso-luso-brasileiro-de-auditores-fiscais-discute-relacao-fisco-contribuinte-e-reforma-tributaria\/","title":{"rendered":"4\u00ba Congresso Luso-Brasileiro de Auditores Fiscais discute rela\u00e7\u00e3o fisco-contribuinte e reforma tribut\u00e1ria"},"content":{"rendered":"<p><em>Auditores fiscais, contribuintes, pol\u00edticos e representantes da sociedade civil estar\u00e3o reunidos para discutir os desafios dos tributos no Brasil. Evento acontece de 16 a 19 de junho em S\u00e3o Paulo. Nessa edi\u00e7\u00e3o, em especial, se discute a necessidade de mudan\u00e7as para resgatar a confian\u00e7a de empreendedores, al\u00e9m de um ambiente amig\u00e1vel \u00e0 gera\u00e7\u00e3o de neg\u00f3cios, emprego e renda<\/em><\/p>\n<p>O 4\u00ba Congresso Luso-Brasileiro de Auditores Fiscais, realizado pelas maiores entidades dos fiscos do Brasil e de Portugal (Febrafite, APIT\u2013 de Portugal \u2013, Unafisco Nacional e Sindifisco Nacional), acontecer\u00e1 entre os dias 16 e 19 de junho de 2019, em S\u00e3o Paulo. O objetivo \u00e9 apresentar iniciativas que t\u00eam como foco melhorar o ambiente de neg\u00f3cios no pa\u00eds, simplificando o pagamento das obriga\u00e7\u00f5es tribut\u00e1rias e trazendo o fisco cada vez mais para perto da sociedade, de acordo com os organizadores.<\/p>\n<p>A ideia do Congresso \u00e9 formar uma rede de atores interessados no tema, criando oportunidades para discutir a\u00e7\u00f5es de estreitamento na rela\u00e7\u00e3o fisco-contribuinte e melhorias no sistema tribut\u00e1rio do pa\u00eds&#8221;, destaca a Associa\u00e7\u00e3o dos Agentes Fiscais de Rendas do Estado de S\u00e3o Paulo (Afresp), anfitri\u00e3 do congresso.<\/p>\n<p>O tema relacionado \u00e0 aproxima\u00e7\u00e3o fisco-contribuinte tem sido discutido com mais for\u00e7a desde que o Programa de Est\u00edmulo \u00e0 Conformidade Tribut\u00e1ria &#8211; \u201cNos Conformes\u201d &#8211; foi lan\u00e7ado pelo estado de S\u00e3o Paulo em 2018. Nessa edi\u00e7\u00e3o, em especial, discutir a pauta tamb\u00e9m traz \u00e0 tona o que diversos setores da sociedade civil concordam: \u00e9 necess\u00e1ria uma mudan\u00e7a para resgatar a confian\u00e7a de empreendedores, al\u00e9m de promover um ambiente amig\u00e1vel \u00e0 gera\u00e7\u00e3o de neg\u00f3cios, emprego e renda.<\/p>\n<p>O evento, que est\u00e1 sendo organizado pela Afresp), tem previs\u00e3o de reunir mais de 600 convidados e renomados palestrantes nacionais e internacionais. Assim como nas edi\u00e7\u00f5es passadas, contar\u00e1 com representantes do governo federal, dos Executivos dos estados e dos munic\u00edpios, al\u00e9m de parlamentares, empresas privadas e profissionais do fisco portugu\u00eas.<\/p>\n<p>O Congresso-Luso Brasileiro acontece anualmente, sendo um ano em Portugal e o ano subsequente no Brasil. A primeira edi\u00e7\u00e3o foi em 2016 na cidade de Porto, em Portugal.<\/p>\n<p>A solenidade de abertura acontecer\u00e1 na Sala S\u00e3o Paulo no dia 16, em parceria com a Secretaria de Cultura do Estado de S\u00e3o Paulo, e, dos dias 17 a 19 de junho, o hotel Maksoud Plaza ser\u00e1 palco de palestras e debates, com a participa\u00e7\u00e3o de personalidades nacionais e internacionais.<\/p>\n<p><strong>Servi\u00e7o:<\/strong><br \/>\n<strong>4\u00ba Congresso Luso-Brasileiro de Auditores Fiscais<\/strong><br \/>\nTema: \u201cUm novo paradigma na rela\u00e7\u00e3o fisco-contribuinte\u201d<br \/>\nData: 16 a 19 de junho de 2019<br \/>\n\uf0b7 16 de junho \u2013 Abertura do Congresso.<br \/>\nLocal: Sala S\u00e3o Paulo \u2013 Pra\u00e7a J\u00falio Prestes, 16 &#8211; Campos El\u00edseos, S\u00e3o Paulo\/SP<br \/>\nHor\u00e1rio: 18h<br \/>\n\uf0b7 17 a 19 de junho \u2013 Pain\u00e9is.<br \/>\nLocal: Maksoud Plaza Hotel \u2013 Rua S\u00e3o Carlos do Pinhal, 424 &#8211; Bela Vista &#8211; S\u00e3o Paulo\/SP.<br \/>\nHor\u00e1rio: das 9h \u00e0s 17h30<\/p>\n<p>&nbsp;<\/p>\n","protected":false},"excerpt":{"rendered":"<p>Auditores fiscais, contribuintes, pol\u00edticos e representantes da sociedade civil estar\u00e3o reunidos para discutir os desafios dos tributos no Brasil. Evento acontece de 16 a 19 de junho em S\u00e3o Paulo. Nessa edi\u00e7\u00e3o, em especial, se discute a necessidade de mudan\u00e7as para resgatar a confian\u00e7a de empreendedores, al\u00e9m de um ambiente amig\u00e1vel \u00e0 gera\u00e7\u00e3o de neg\u00f3cios, emprego e renda O 4\u00ba [&hellip;]<\/p>\n","protected":false},"author":27,"featured_media":0,"comment_status":"open","ping_status":"closed","sticky":false,"template":"","format":"standard","meta":{"footnotes":""},"categories":[2719],"tags":[15411,648,3172,15408,2704,197,71,15410,15409,376,3472,12193,358,597,3823],"class_list":["post-12751","post","type-post","status-publish","format-standard","hentry","category-servidor","tag-apit","tag-auditores-fiscais","tag-confianca","tag-congreso","tag-empreendedores","tag-emprego","tag-febrafite","tag-fisco-contribuinte","tag-luso-brasileiro","tag-mudancas","tag-negocios","tag-reforma-tributaria","tag-renda","tag-sindifisco","tag-unafisco"],"_links":{"self":[{"href":"https:\/\/blogs.correiobraziliense.com.br\/servidor\/wp-json\/wp\/v2\/posts\/12751","targetHints":{"allow":["GET"]}}],"collection":[{"href":"https:\/\/blogs.correiobraziliense.com.br\/servidor\/wp-json\/wp\/v2\/posts"}],"about":[{"href":"https:\/\/blogs.correiobraziliense.com.br\/servidor\/wp-json\/wp\/v2\/types\/post"}],"author":[{"embeddable":true,"href":"https:\/\/blogs.correiobraziliense.com.br\/servidor\/wp-json\/wp\/v2\/users\/27"}],"replies":[{"embeddable":true,"href":"https:\/\/blogs.correiobraziliense.com.br\/servidor\/wp-json\/wp\/v2\/comments?post=12751"}],"version-history":[{"count":1,"href":"https:\/\/blogs.correiobraziliense.com.br\/servidor\/wp-json\/wp\/v2\/posts\/12751\/revisions"}],"predecessor-version":[{"id":12752,"href":"https:\/\/blogs.correiobraziliense.com.br\/servidor\/wp-json\/wp\/v2\/posts\/12751\/revisions\/12752"}],"wp:attachment":[{"href":"https:\/\/blogs.correiobraziliense.com.br\/servidor\/wp-json\/wp\/v2\/media?parent=12751"}],"wp:term":[{"taxonomy":"category","embeddable":true,"href":"https:\/\/blogs.correiobraziliense.com.br\/servidor\/wp-json\/wp\/v2\/categories?post=12751"},{"taxonomy":"post_tag","embeddable":true,"href":"https:\/\/blogs.correiobraziliense.com.br\/servidor\/wp-json\/wp\/v2\/tags?post=12751"}],"curies":[{"name":"wp","href":"https:\/\/api.w.org\/{rel}","templated":true}]}}