{"id":12726,"date":"2019-05-29T16:20:41","date_gmt":"2019-05-29T19:20:41","guid":{"rendered":"https:\/\/blogs.correiobraziliense.com.br\/servidor\/?p=12726"},"modified":"2019-05-29T16:20:41","modified_gmt":"2019-05-29T19:20:41","slug":"v-encontro-de-direito-sindical-reune-juristas-ministros-e-ex-presidente-da-oab-nacional","status":"publish","type":"post","link":"https:\/\/blogs.correiobraziliense.com.br\/servidor\/v-encontro-de-direito-sindical-reune-juristas-ministros-e-ex-presidente-da-oab-nacional\/","title":{"rendered":"V Encontro de Direito Sindical re\u00fane juristas, ministros e ex-presidente da OAB Nacional"},"content":{"rendered":"<p><em>A Associa\u00e7\u00e3o Brasileira dos Advogados Trabalhistas (Abrat), em homenagem aos 100 da OIT, V Encontro de Direito Sindical, nos dias 30 e 31, na capital baiana, com juristas, advogados, ju\u00edzes, representantes do Minist\u00e9rio P\u00fablico, dirigentes sindicais e l\u00edderes sociais<\/em><\/p>\n<p>Nas palestras, especialistas na \u00e1rea sindical e do trabalho pretendem mostrar o cen\u00e1rio atual brasileiro que norteia o Direito Coletivo do Trabalho, principalmente p\u00f3s edi\u00e7\u00e3o da Reforma Trabalhista, e as novas formas de contribui\u00e7\u00e3o sindical estabelecidas pelo atual governo.<\/p>\n<p>\u201cEste ano comemoramos o centen\u00e1rio da OIT (Organiza\u00e7\u00e3o Internacional do Trabalho) e durante o encontro, em homenagem, estaremos debatendo temas vinculados tamb\u00e9m com as Normas Internacionais do Trabalho das quais o Brasil \u00e9 signat\u00e1rio. Leis que dialogam com o conjunto de normas abarcadas pela Constitui\u00e7\u00e3o de 88, como fontes de garantia do n\u00e3o retrocesso social\u201d, explica a presidente da Abrat Alessandra Camarano.<\/p>\n<p>Confira a programa\u00e7\u00e3o:<\/p>\n<p>ENCONTRO DE DIREITO SINDICAL DA ABRAT<br \/>\nHOMENAGEM AOS 100 ANOS DA OIT &#8211; \u201cSINDICALISMO. (R)EXISTIR \u00c9 PRECISO\u201d<br \/>\nLocal: Hotel Wish da Bahia &#8211; Av. Sete de Setembro, 1537 &#8211; Salvador\/BA<\/p>\n<p>30\/05\/2019<br \/>\n18:00 &#8211; CREDENCIAMENTO<br \/>\n19:00 \u2013 ABERTURA e CREDENCIAMENTO<br \/>\n20:00 &#8211; CONFER\u00caNCIA: REDES ANTISSOCIAIS E A &#8220;GLOBULIZA\u00c7\u00c3O&#8221; NO S\u00c9CULO XXI. O TRABALHO EM MEIO \u00c0 GUERRA DOS GL\u00d3BULOS DO GLOBO<br \/>\nConferencista: Luis Carlos Moro (SP)<\/p>\n<p>31\/05\/2019<br \/>\n09:00 &#8211; PRIMEIRA MESA \u2013 CTPS: QUAIS SER\u00c3O SUAS CORES?<br \/>\nPRESIDENTE DE MESA: ELISE RAMOS CORREIA &#8211; Presidente da AAT (DF)<br \/>\nTema 01: A origem da legisla\u00e7\u00e3o sindical no Brasil. Mitos e verdades<br \/>\nPalestrante: Petilda Vazquez (BA)<\/p>\n<p>Tema 02: O sindicato ante as novas modalidades de trabalho<br \/>\nPalestrante: Augusto C\u00e9sar Leite de Carvalho &#8211; Ministro do TST<\/p>\n<p>Tema 03: O sindicalismo em um pa\u00eds de excessiva transgress\u00e3o a direitos trabalhistas<br \/>\nPalestrante: Augusto Vasconcelos (BA)<\/p>\n<p>Tema 04: O ataque \u00e0s Institui\u00e7\u00f5es que comp\u00f5em o sistema de prote\u00e7\u00e3o social e o rompimento democr\u00e1tico<br \/>\nPalestrante: Jefferson Cala\u00e7a (PE)<\/p>\n<p>10:30 &#8211; SEGUNDA MESA &#8211; MINIST\u00c9RIO DO TRABALHO. PROSPERIDADE E TRABALHO DECENTE<br \/>\nPRESIDENTE DE MESA: THA\u00cdS PROEN\u00c7A CREMASCO &#8211; Presidente da AATC (Campinas) e Vice Presidente da ABRAT, Regi\u00e3o Sudeste<br \/>\nTema 01: Fiscaliza\u00e7\u00e3o do Trabalho e o lodo da economia<br \/>\nPalestrante: Carlos Fernando da Silva Filho (PE) &#8211; Presidente do SINAIT<\/p>\n<p>Tema 02: Registro Sindical: a atual Morada no Minist\u00e9rio da Justi\u00e7a<br \/>\nPalestrante: Renata Queiroz Dutra (BA)<\/p>\n<p>Tema 03: MP 870\/2019 e a viola\u00e7\u00e3o \u00e0 Conven\u00e7\u00e3o 81 da OIT<br \/>\nPalestrante: Carla Rita Bracchi Silveira (BA)<\/p>\n<p>INTERVALO \u2013 11:30 \u2013 11:40<\/p>\n<p>11:50 &#8211; TERCEIRA MESA \u2013 DIREITO DE GREVE \u2013 \u201cNINGU\u00c9M VAI ME ACORRENTAR ENQUANTO EU PUDER CANTAR\u201d (Chico Buarque)<br \/>\nPRESIDENTE DE MESA: FLORANY MOTA &#8211; Presidente da ARAT e Diretora para assuntos legislativos da ABRAT<br \/>\nTema 01: Limita\u00e7\u00f5es para o exerc\u00edcio de greve. Abusividade social ou abusividade legal?<br \/>\nPalestrante: C\u00ednzia Barreto de Carvalho (BA)<\/p>\n<p>Tema 02: Direito de reuni\u00e3o e condicionantes para o seu exerc\u00edcio s\u00e3o compat\u00edveis com a democracia?<br \/>\nPalestrante: Cezar Britto (DF) \u2013 Ex-presidente da OAB Nacional<\/p>\n<p>Tema 03: Criminalizar os movimentos sociais \u00e9 garantia de paz social?<br \/>\nPalestrante: Maria Ol\u00edvia Santana (BA)<\/p>\n<p>Tema 04: Mobiliza\u00e7\u00f5es de Mulheres: o exterm\u00ednio do individualismo e o exerc\u00edcio p\u00fablico de g\u00eanero como movimento social de coaliz\u00e3o<br \/>\nPalestrante: Mariana Laura Amartino (Argentina)<\/p>\n<p>14:40 &#8211; QUARTA MESA \u2013 ABRANG\u00caNCIA DAS DECIS\u00d5ES ASSEMBLEARES<br \/>\nPRESIDENTE DE MESA: ALINE CORREA &#8211; Presidente da ARONATRA, Secret\u00e1ria Adjunta da OAB\/RO e Presidente do Col\u00e9gio de Presidente da ABRAT<br \/>\nTema 01: Taxas de custeio sindical aprovadas em assembleia. H\u00e1 limites para a inconstitucional regra do negociado sobre o legislado? (Uma abordagem sobre a MP 873\/2019)<br \/>\nPalestrante: \u00c2ngelo Fabiano Farias da Costa (DF)<\/p>\n<p>Tema 02: Fim do imposto sindical e a extens\u00e3o dos benef\u00edcios previstos em normas coletivas de trabalho para os n\u00e3o sindicalizados<br \/>\nPalestrante: Roberto Parahyba de Arruda Pinto (SP)<\/p>\n<p>Tema 03: &#8220;A emancipa\u00e7\u00e3o dos trabalhadores ser\u00e1 obra dos pr\u00f3prios trabalhadores&#8221; (Karl Marx)<br \/>\nPalestrante: Elis\u00e2ngela dos Santos Ara\u00fajo &#8211; FETRAF (BA)<\/p>\n<p>15:50 &#8211; QUINTA MESA \u2013 DIREITO INTERNACIONAL DO TRABALHO<br \/>\nPRESIDENTE DE MESA: LUCIANE TOSS &#8211; Vice &#8211; Presidente da AGETRA<br \/>\nTema 01: Viola\u00e7\u00e3o \u00e0 Conven\u00e7\u00e3o 98 da OIT \u2013 Brasil dever\u00e1 permanecer na lista curta?<br \/>\nPalestrante: No\u00eamia Aparecida Garcia Porto (DF)<\/p>\n<p>Tema 02: Garantias internacionais sindicais: di\u00e1logo entre as fontes internacionais e nacional<br \/>\nPalestrante: Daniela Muradas Antunes (MG)<\/p>\n<p>Tema 03: MP 873\/2019 &#8211; A asfixia do movimento sindical &#8211; viola\u00e7\u00e3o \u00e0s Conven\u00e7\u00f5es 87, 98 e 144 da OIT<br \/>\nPalestrante: Fernanda Caldas Giorgi (DF)<\/p>\n<p>Tema 04: O Caminho da Prosperidade impulsiona a Justi\u00e7a Social e o Trabalho decente?<br \/>\nPalestrante: Ana Georgina da Silva Dias (BA)<\/p>\n<p>17:00 &#8211; 18:00 &#8211; DI\u00c1LOGOS SINDICAIS DE (R) EXIST\u00caNCIA<br \/>\nCTB &#8211; Pascoal Carneiro<br \/>\nCUT &#8211; Cedro Silva<br \/>\nUGT &#8211; Magno Rog\u00e9rio Carvalho Lavigne<br \/>\nCSB &#8211; Marcos Rog\u00e9rio Barbosa dos Santos<br \/>\n(ATE &#8211; Argentina) &#8211; Gladys Noemi Del Valle Sosa<br \/>\nCONLUTAS &#8211; Atn\u00e1goras Teixeira Lopes<\/p>\n<p>19:00 &#8211; CARTA DE SALVADOR<\/p>\n","protected":false},"excerpt":{"rendered":"<p>A Associa\u00e7\u00e3o Brasileira dos Advogados Trabalhistas (Abrat), em homenagem aos 100 da OIT, V Encontro de Direito Sindical, nos dias 30 e 31, na capital baiana, com juristas, advogados, ju\u00edzes, representantes do Minist\u00e9rio P\u00fablico, dirigentes sindicais e l\u00edderes sociais Nas palestras, especialistas na \u00e1rea sindical e do trabalho pretendem mostrar o cen\u00e1rio atual brasileiro que norteia o Direito Coletivo do [&hellip;]<\/p>\n","protected":false},"author":27,"featured_media":0,"comment_status":"open","ping_status":"closed","sticky":false,"template":"","format":"standard","meta":{"footnotes":""},"categories":[2719],"tags":[12539,1426,2584,5914,15366,98,3579,33,928,378,2068,9253,261,503],"class_list":["post-12726","post","type-post","status-publish","format-standard","hentry","category-servidor","tag-abrat","tag-cenario","tag-constituicao","tag-contribuicao-sindical","tag-direito-sindical","tag-governo","tag-juristas","tag-ministros","tag-normas","tag-oab","tag-oit","tag-reforma-trabalhista","tag-trabalho","tag-tst"],"_links":{"self":[{"href":"https:\/\/blogs.correiobraziliense.com.br\/servidor\/wp-json\/wp\/v2\/posts\/12726","targetHints":{"allow":["GET"]}}],"collection":[{"href":"https:\/\/blogs.correiobraziliense.com.br\/servidor\/wp-json\/wp\/v2\/posts"}],"about":[{"href":"https:\/\/blogs.correiobraziliense.com.br\/servidor\/wp-json\/wp\/v2\/types\/post"}],"author":[{"embeddable":true,"href":"https:\/\/blogs.correiobraziliense.com.br\/servidor\/wp-json\/wp\/v2\/users\/27"}],"replies":[{"embeddable":true,"href":"https:\/\/blogs.correiobraziliense.com.br\/servidor\/wp-json\/wp\/v2\/comments?post=12726"}],"version-history":[{"count":1,"href":"https:\/\/blogs.correiobraziliense.com.br\/servidor\/wp-json\/wp\/v2\/posts\/12726\/revisions"}],"predecessor-version":[{"id":12727,"href":"https:\/\/blogs.correiobraziliense.com.br\/servidor\/wp-json\/wp\/v2\/posts\/12726\/revisions\/12727"}],"wp:attachment":[{"href":"https:\/\/blogs.correiobraziliense.com.br\/servidor\/wp-json\/wp\/v2\/media?parent=12726"}],"wp:term":[{"taxonomy":"category","embeddable":true,"href":"https:\/\/blogs.correiobraziliense.com.br\/servidor\/wp-json\/wp\/v2\/categories?post=12726"},{"taxonomy":"post_tag","embeddable":true,"href":"https:\/\/blogs.correiobraziliense.com.br\/servidor\/wp-json\/wp\/v2\/tags?post=12726"}],"curies":[{"name":"wp","href":"https:\/\/api.w.org\/{rel}","templated":true}]}}