{"id":12706,"date":"2019-05-27T12:05:03","date_gmt":"2019-05-27T15:05:03","guid":{"rendered":"https:\/\/blogs.correiobraziliense.com.br\/servidor\/?p=12706"},"modified":"2019-05-27T12:05:03","modified_gmt":"2019-05-27T15:05:03","slug":"greve-geral-centrais-pedem-apoio-a-cnbb","status":"publish","type":"post","link":"https:\/\/blogs.correiobraziliense.com.br\/servidor\/greve-geral-centrais-pedem-apoio-a-cnbb\/","title":{"rendered":"Greve geral &#8211; Centrais pedem apoio \u00e0 CNBB"},"content":{"rendered":"<p>Uma comiss\u00e3o com representantes da For\u00e7a Sindical, da Central \u00danica dos Trabalhadores (CUT) e da Uni\u00e3o Geral do Trabalhadores se re\u00fane com a Comiss\u00e3o de Justi\u00e7a e Paz, \u00f3rg\u00e3o da Confedera\u00e7\u00e3o Nacional dos Bispos do Brasil (CNBB) para a greve geral de 14 de junho. Os sindicalistas pedem apoio da igreja cat\u00f3lica para enfrentarem juntos a reforma da Previd\u00eancia (PEC 06\/2019), proposta pela equipe econ\u00f4mica do presidente Jair Bolsonaro.<\/p>\n","protected":false},"excerpt":{"rendered":"<p>Uma comiss\u00e3o com representantes da For\u00e7a Sindical, da Central \u00danica dos Trabalhadores (CUT) e da Uni\u00e3o Geral do Trabalhadores se re\u00fane com a Comiss\u00e3o de Justi\u00e7a e Paz, \u00f3rg\u00e3o da Confedera\u00e7\u00e3o Nacional dos Bispos do Brasil (CNBB) para a greve geral de 14 de junho. Os sindicalistas pedem apoio da igreja cat\u00f3lica para enfrentarem juntos a reforma da Previd\u00eancia (PEC [&hellip;]<\/p>\n","protected":false},"author":27,"featured_media":0,"comment_status":"open","ping_status":"closed","sticky":false,"template":"","format":"standard","meta":{"footnotes":""},"categories":[2719],"tags":[792,1259,6120,1801,6512,1260],"class_list":["post-12706","post","type-post","status-publish","format-standard","hentry","category-servidor","tag-apoio","tag-centrais","tag-cnbb","tag-greve-geral","tag-igreja-catolica","tag-sindicais"],"_links":{"self":[{"href":"https:\/\/blogs.correiobraziliense.com.br\/servidor\/wp-json\/wp\/v2\/posts\/12706","targetHints":{"allow":["GET"]}}],"collection":[{"href":"https:\/\/blogs.correiobraziliense.com.br\/servidor\/wp-json\/wp\/v2\/posts"}],"about":[{"href":"https:\/\/blogs.correiobraziliense.com.br\/servidor\/wp-json\/wp\/v2\/types\/post"}],"author":[{"embeddable":true,"href":"https:\/\/blogs.correiobraziliense.com.br\/servidor\/wp-json\/wp\/v2\/users\/27"}],"replies":[{"embeddable":true,"href":"https:\/\/blogs.correiobraziliense.com.br\/servidor\/wp-json\/wp\/v2\/comments?post=12706"}],"version-history":[{"count":1,"href":"https:\/\/blogs.correiobraziliense.com.br\/servidor\/wp-json\/wp\/v2\/posts\/12706\/revisions"}],"predecessor-version":[{"id":12707,"href":"https:\/\/blogs.correiobraziliense.com.br\/servidor\/wp-json\/wp\/v2\/posts\/12706\/revisions\/12707"}],"wp:attachment":[{"href":"https:\/\/blogs.correiobraziliense.com.br\/servidor\/wp-json\/wp\/v2\/media?parent=12706"}],"wp:term":[{"taxonomy":"category","embeddable":true,"href":"https:\/\/blogs.correiobraziliense.com.br\/servidor\/wp-json\/wp\/v2\/categories?post=12706"},{"taxonomy":"post_tag","embeddable":true,"href":"https:\/\/blogs.correiobraziliense.com.br\/servidor\/wp-json\/wp\/v2\/tags?post=12706"}],"curies":[{"name":"wp","href":"https:\/\/api.w.org\/{rel}","templated":true}]}}