{"id":12703,"date":"2019-05-27T11:53:55","date_gmt":"2019-05-27T14:53:55","guid":{"rendered":"https:\/\/blogs.correiobraziliense.com.br\/servidor\/?p=12703"},"modified":"2019-05-27T12:54:34","modified_gmt":"2019-05-27T15:54:34","slug":"mpf-quer-treinamento-alternativo-para-quem-nao-deseja-prestar-servico-militar","status":"publish","type":"post","link":"https:\/\/blogs.correiobraziliense.com.br\/servidor\/mpf-quer-treinamento-alternativo-para-quem-nao-deseja-prestar-servico-militar\/","title":{"rendered":"MPF quer treinamento alternativo para quem n\u00e3o deseja prestar servi\u00e7o militar"},"content":{"rendered":"<p>A Procuradoria Regional dos Direitos do Cidad\u00e3o (PRDC) encaminhou uma recomenda\u00e7\u00e3o ao ministro da Defesa, Fernando Azevedo e Silva, para que as For\u00e7as Armadas deixem de exigir vincula\u00e7\u00e3o a entidade religiosa, pol\u00edtica ou filos\u00f3fica de quem alega escusa de consci\u00eancia ao servi\u00e7o militar obrigat\u00f3rio. Para a procuradoria, a exig\u00eancia limita um direito constitucional.<\/p>\n<p>A escusa de consci\u00eancia acontece quando algu\u00e9m invoca sua convic\u00e7\u00e3o pessoal para n\u00e3o cumprir uma obriga\u00e7\u00e3o imposta a todos, devendo ent\u00e3o cumprir uma presta\u00e7\u00e3o alternativa, fixada em lei. A recomenda\u00e7\u00e3o do Minist\u00e9rio P\u00fablico Federal (MPF) pede, ent\u00e3o, que tamb\u00e9m seja regulamentado o servi\u00e7o alternativo obrigat\u00f3rio, previsto lei.<\/p>\n<p>Nesses casos, a op\u00e7\u00e3o, de acordo com o MPF, pode ser de treinamento para atua\u00e7\u00e3o em \u00e1reas atingidas por desastre, em situa\u00e7\u00e3o de emerg\u00eancia e estado de calamidade. O Minist\u00e9rio da Defesa tem 30 dias, a contar do recebimento, para informar as medidas adotadas da recomenda\u00e7\u00e3o.<\/p>\n<h2>Como ocorre a escusa de consci\u00eancia no servi\u00e7o militar<\/h2>\n<p>No momento de se alistar, o cidad\u00e3o que alega escusa de consci\u00eancia \u00e9 obrigado a informar a qual entidade \u00e9 vinculado, bem como o cargo ou fun\u00e7\u00e3o que ocupa em sua estrutura, e apresentar uma declara\u00e7\u00e3o assinada pelo dirigente local da entidade, com firma reconhecida. Segundo a PRDC, a exig\u00eancia da declara\u00e7\u00e3o no formul\u00e1rio limita o direito constitucional \u00e0 escusa de consci\u00eancia.<\/p>\n<p>Segundo a Constitui\u00e7\u00e3o da Rep\u00fablica, &#8220;ningu\u00e9m ser\u00e1 privado de direitos por motivo de cren\u00e7a religiosa ou de convic\u00e7\u00e3o filos\u00f3fica ou pol\u00edtica, salvo se as invocar para eximir-se de obriga\u00e7\u00e3o legal a todos imposta e recusar-se a cumprir presta\u00e7\u00e3o alternativa fixada em lei&#8221;. A Constitui\u00e7\u00e3o tamb\u00e9m n\u00e3o condiciona o exerc\u00edcio do direito \u00e0 obje\u00e7\u00e3o de consci\u00eancia para o servi\u00e7o militar \u00e0 vincula\u00e7\u00e3o a partido pol\u00edtico, entidade filos\u00f3fica ou comunidade religiosa, e nem tampouco h\u00e1 previs\u00e3o legal nesse sentido.<\/p>\n<p>No entanto, a n\u00e3o apresenta\u00e7\u00e3o da declara\u00e7\u00e3o exigida pelas For\u00e7as Armadas obriga o cidad\u00e3o a prestar o servi\u00e7o militar. Caso contr\u00e1rio, na hip\u00f3tese de o cidad\u00e3o prosseguir sem declarar a vincula\u00e7\u00e3o a uma entidade, o sistema eletr\u00f4nico lhe imp\u00f5e automaticamente a recusa imotivada, o que imp\u00f5e uma s\u00e9rie de penalidades para obten\u00e7\u00e3o de servi\u00e7os ao cidad\u00e3o, como a carteira de trabalho ou o passaporte.<\/p>\n","protected":false},"excerpt":{"rendered":"<p>A Procuradoria Regional dos Direitos do Cidad\u00e3o (PRDC) encaminhou uma recomenda\u00e7\u00e3o ao ministro da Defesa, Fernando Azevedo e Silva, para que as For\u00e7as Armadas deixem de exigir vincula\u00e7\u00e3o a entidade religiosa, pol\u00edtica ou filos\u00f3fica de quem alega escusa de consci\u00eancia ao servi\u00e7o militar obrigat\u00f3rio. Para a procuradoria, a exig\u00eancia limita um direito constitucional. A escusa de consci\u00eancia acontece quando algu\u00e9m [&hellip;]<\/p>\n","protected":false},"author":27,"featured_media":12709,"comment_status":"open","ping_status":"closed","sticky":false,"template":"","format":"standard","meta":{"footnotes":""},"categories":[2719],"tags":[15343,2992,1274,15342,6001,15344,3096,102,453,2764,1415,15345,14722],"class_list":["post-12703","post","type-post","status-publish","format-standard","has-post-thumbnail","hentry","category-servidor","tag-alsitamento-militar","tag-alternativa","tag-declaracao","tag-escusa-de-consciencia","tag-exigencia","tag-filosofica","tag-forcas-armadas","tag-lei","tag-mpf","tag-obrigacao","tag-politica","tag-regulamntacao","tag-religiosa"],"_links":{"self":[{"href":"https:\/\/blogs.correiobraziliense.com.br\/servidor\/wp-json\/wp\/v2\/posts\/12703","targetHints":{"allow":["GET"]}}],"collection":[{"href":"https:\/\/blogs.correiobraziliense.com.br\/servidor\/wp-json\/wp\/v2\/posts"}],"about":[{"href":"https:\/\/blogs.correiobraziliense.com.br\/servidor\/wp-json\/wp\/v2\/types\/post"}],"author":[{"embeddable":true,"href":"https:\/\/blogs.correiobraziliense.com.br\/servidor\/wp-json\/wp\/v2\/users\/27"}],"replies":[{"embeddable":true,"href":"https:\/\/blogs.correiobraziliense.com.br\/servidor\/wp-json\/wp\/v2\/comments?post=12703"}],"version-history":[{"count":5,"href":"https:\/\/blogs.correiobraziliense.com.br\/servidor\/wp-json\/wp\/v2\/posts\/12703\/revisions"}],"predecessor-version":[{"id":12711,"href":"https:\/\/blogs.correiobraziliense.com.br\/servidor\/wp-json\/wp\/v2\/posts\/12703\/revisions\/12711"}],"wp:featuredmedia":[{"embeddable":true,"href":"https:\/\/blogs.correiobraziliense.com.br\/servidor\/wp-json\/wp\/v2\/media\/12709"}],"wp:attachment":[{"href":"https:\/\/blogs.correiobraziliense.com.br\/servidor\/wp-json\/wp\/v2\/media?parent=12703"}],"wp:term":[{"taxonomy":"category","embeddable":true,"href":"https:\/\/blogs.correiobraziliense.com.br\/servidor\/wp-json\/wp\/v2\/categories?post=12703"},{"taxonomy":"post_tag","embeddable":true,"href":"https:\/\/blogs.correiobraziliense.com.br\/servidor\/wp-json\/wp\/v2\/tags?post=12703"}],"curies":[{"name":"wp","href":"https:\/\/api.w.org\/{rel}","templated":true}]}}