{"id":12677,"date":"2019-05-23T20:46:55","date_gmt":"2019-05-23T23:46:55","guid":{"rendered":"https:\/\/blogs.correiobraziliense.com.br\/servidor\/?p=12677"},"modified":"2019-05-23T20:46:55","modified_gmt":"2019-05-23T23:46:55","slug":"reforma-da-previdencia-agentes-de-seguranca-querem-aposentadoria-especial","status":"publish","type":"post","link":"https:\/\/blogs.correiobraziliense.com.br\/servidor\/reforma-da-previdencia-agentes-de-seguranca-querem-aposentadoria-especial\/","title":{"rendered":"Reforma da Previd\u00eancia &#8211; Agentes de seguran\u00e7a querem aposentadoria especial"},"content":{"rendered":"<p><em>Agentes penitenci\u00e1rios, socio-educativos e de tr\u00e2nsito, agentes e inspetores de seguran\u00e7a do Poder Judici\u00e1rio e do Minist\u00e9rio P\u00fablico e guardas municipais colheram assinaturas e conseguiram, por meio do deputado Lu\u00eds Miranda (DEM-DF), protocolar na C\u00e2mara mais uma mudan\u00e7a na Proposta de Emenda \u00e0 Constitui\u00e7\u00e3o (PEC 06\/2019)<\/em><\/p>\n<p><strong><em>VERA BATISTA<\/em><\/strong><br \/>\n<strong><em>RODOLFO COSTA<\/em><\/strong><\/p>\n<p>Na proposta, o parlamentar reivindica que &#8220;agentes penitenci\u00e1rios, socio-educativos e de tr\u00e2nsito, agentes e inspetores de seguran\u00e7a do Poder Judici\u00e1rio e do Minist\u00e9rio P\u00fablico e guardas municipais&#8221; tenham isonomia de tratamento com outras categorias assemelhadas (policiais federais, rodovi\u00e1rios federais, militares e civis) e que sejam inseridos na for\u00e7a de seguran\u00e7a p\u00fablica.<\/p>\n<p>De acordo com Roniel Andrade, presidente da Associa\u00e7\u00e3o Nacional dos Agentes de Seguran\u00e7a do Poder Judici\u00e1rio da Uni\u00e3o (AgepolJus), o requerimento vai ser entregue na pr\u00f3xima ter\u00e7a-feira (28 de maio) para fazer justi\u00e7a ao grupo que, segundo ele, merece regra de transi\u00e7\u00e3o apropriada, porque tem problemas di\u00e1rios e atividades muito pr\u00f3ximas \u00e0s outras classes.<\/p>\n<p>&#8220;N\u00f3s exercemos papel de pol\u00edcia institucional. Queremos ser inseridos nas categorias com direito a aposentadoria especial. Exercemos atividade risco, fazemos seguran\u00e7a de magistrados (ju\u00edzes, desembargadores e ministros) e tamb\u00e9m escolta de presos. Rotineiramente nos expomos a risco&#8221;, explica Andrade.<\/p>\n","protected":false},"excerpt":{"rendered":"<p>Agentes penitenci\u00e1rios, socio-educativos e de tr\u00e2nsito, agentes e inspetores de seguran\u00e7a do Poder Judici\u00e1rio e do Minist\u00e9rio P\u00fablico e guardas municipais colheram assinaturas e conseguiram, por meio do deputado Lu\u00eds Miranda (DEM-DF), protocolar na C\u00e2mara mais uma mudan\u00e7a na Proposta de Emenda \u00e0 Constitui\u00e7\u00e3o (PEC 06\/2019) VERA BATISTA RODOLFO COSTA Na proposta, o parlamentar reivindica que &#8220;agentes penitenci\u00e1rios, socio-educativos e [&hellip;]<\/p>\n","protected":false},"author":27,"featured_media":0,"comment_status":"open","ping_status":"closed","sticky":false,"template":"","format":"standard","meta":{"footnotes":""},"categories":[2719],"tags":[15316,15317,15318,9727],"class_list":["post-12677","post","type-post","status-publish","format-standard","hentry","category-servidor","tag-agentes-seguranca","tag-aposentadoria-especial-pec-06-2019","tag-pj-pmu","tag-reforma-da-previdencia"],"_links":{"self":[{"href":"https:\/\/blogs.correiobraziliense.com.br\/servidor\/wp-json\/wp\/v2\/posts\/12677","targetHints":{"allow":["GET"]}}],"collection":[{"href":"https:\/\/blogs.correiobraziliense.com.br\/servidor\/wp-json\/wp\/v2\/posts"}],"about":[{"href":"https:\/\/blogs.correiobraziliense.com.br\/servidor\/wp-json\/wp\/v2\/types\/post"}],"author":[{"embeddable":true,"href":"https:\/\/blogs.correiobraziliense.com.br\/servidor\/wp-json\/wp\/v2\/users\/27"}],"replies":[{"embeddable":true,"href":"https:\/\/blogs.correiobraziliense.com.br\/servidor\/wp-json\/wp\/v2\/comments?post=12677"}],"version-history":[{"count":1,"href":"https:\/\/blogs.correiobraziliense.com.br\/servidor\/wp-json\/wp\/v2\/posts\/12677\/revisions"}],"predecessor-version":[{"id":12678,"href":"https:\/\/blogs.correiobraziliense.com.br\/servidor\/wp-json\/wp\/v2\/posts\/12677\/revisions\/12678"}],"wp:attachment":[{"href":"https:\/\/blogs.correiobraziliense.com.br\/servidor\/wp-json\/wp\/v2\/media?parent=12677"}],"wp:term":[{"taxonomy":"category","embeddable":true,"href":"https:\/\/blogs.correiobraziliense.com.br\/servidor\/wp-json\/wp\/v2\/categories?post=12677"},{"taxonomy":"post_tag","embeddable":true,"href":"https:\/\/blogs.correiobraziliense.com.br\/servidor\/wp-json\/wp\/v2\/tags?post=12677"}],"curies":[{"name":"wp","href":"https:\/\/api.w.org\/{rel}","templated":true}]}}