{"id":12664,"date":"2019-05-22T14:56:35","date_gmt":"2019-05-22T17:56:35","guid":{"rendered":"https:\/\/blogs.correiobraziliense.com.br\/servidor\/?p=12664"},"modified":"2019-05-22T14:56:35","modified_gmt":"2019-05-22T17:56:35","slug":"greve-geral-centrais-sindicais-divulgam-calendario-de-paralisacao-de-14-de-junho","status":"publish","type":"post","link":"https:\/\/blogs.correiobraziliense.com.br\/servidor\/greve-geral-centrais-sindicais-divulgam-calendario-de-paralisacao-de-14-de-junho\/","title":{"rendered":"Greve geral &#8211; Centrais sindicais divulgam calend\u00e1rio de paralisa\u00e7\u00e3o de 14 de junho"},"content":{"rendered":"<p><img loading=\"lazy\" decoding=\"async\" class=\"size-full wp-image-12665 aligncenter\" src=\"https:\/\/blogs.correiobraziliense.com.br\/servidor\/wp-content\/uploads\/sites\/10\/2019\/05\/xtpTzX_r.jpg\" alt=\"\" width=\"600\" height=\"314\" \/><\/p>\n<p><strong>22 de maio<\/strong><br \/>\n<strong>Plen\u00e1ria Estadual Unificada &#8211; Rio de Janeiro<\/strong><br \/>\nHor\u00e1rio: \u00e0s 14h<br \/>\nLocal: Sede da For\u00e7a Sindical<br \/>\nEndere\u00e7o: Rua Silvino Montenegro n\u00ba 88, Gamboa &#8211; Centro<\/p>\n<p><strong>22 de maio<\/strong><br \/>\n<strong>Plen\u00e1ria Estadual Unificada &#8211; Paran\u00e1<\/strong><br \/>\nHor\u00e1rio: \u00e0s 16h<br \/>\nLocal: Sede da Federa\u00e7\u00e3o dos Metal\u00fargicos<br \/>\nEndere\u00e7o: R. Lamenha Lins, 981 &#8211; Centro, Curitiba &#8211; PR<\/p>\n<p><strong>22 de maio<\/strong><br \/>\n<strong>Plen\u00e1ria da For\u00e7a Sindical com sindicatos filiados de Campinas e regi\u00e3o<\/strong><br \/>\nHor\u00e1rio: \u00e0s 10h<br \/>\nLocal: Sede do Sintercamp<br \/>\nEndere\u00e7o: Rua Alvares Machado, 361 &#8211; Centro, Campinas\/SP<\/p>\n<p><strong>22 de maio<\/strong><br \/>\n<strong>Plen\u00e1ria Estadual dos Trabalhadores em Educa\u00e7\u00e3o P\u00fablica do Paran\u00e1<\/strong><br \/>\nHor\u00e1rio: \u00e0s 18h<br \/>\nLocal: Sede da APP- Sindicato &#8211; Sindicato dos Trabalhadores em Educa\u00e7\u00e3o P\u00fablica do Paran\u00e1<br \/>\nEndere\u00e7o: Av. Igua\u00e7u, 880 &#8211; Rebou\u00e7as, Curitiba &#8211; PR<\/p>\n<p><strong>23 de maio<\/strong><br \/>\n<strong>Plen\u00e1ria Estadual Unificada &#8211; Distrito Federal<\/strong><br \/>\nHor\u00e1rio: \u00e0s 19h<br \/>\nLocal: Sindicato dos Banc\u00e1rios<br \/>\nEndere\u00e7o: EQS 314\/315 &#8211; Asa Sul<\/p>\n<p><strong>27 a 31 de maio<\/strong><br \/>\nSemana de intensifica\u00e7\u00e3o de coleta de assinaturas do abaixo-assinado contra a proposta de reforma do Governo<\/p>\n<p><strong>27 de maio<\/strong><br \/>\n<strong>Plen\u00e1ria Estadual do Setor de Transportes do Estado S.Paulo<\/strong><br \/>\nHor\u00e1rio: \u00e0s 14h<br \/>\nLocal: Sede do Sindicato dos Metrovi\u00e1rios SP<br \/>\nEndere\u00e7o:\u00a0<span class=\"LrzXr\">Rua Serra de Japi, 31 &#8211; Tatuap\u00e9, S\u00e3o Paulo<\/span><\/p>\n<p><strong>27 de maio<br \/>\nPlen\u00e1ria Estadual do Setor de Transportes do Estado do Rio Grande do Sul<\/strong><br \/>\nHor\u00e1rio: 14h<br \/>\nLocal: Sede do Sindimetr\u00f4RS<br \/>\nEndere\u00e7o: Rua Monsenhor Felipe Diehl, n\u00ba 48, Bairro Humait\u00e1, em Porto Alegre\/RS<\/p>\n<p><strong>27 de maio<\/strong><br \/>\n<strong>I Plen\u00e1ria Estadual Unificada \u2013 Pernambuco<\/strong><br \/>\nHor\u00e1rio:\u00a0 15h<br \/>\nLocal: sede do SINDSEP<br \/>\nEndere\u00e7o: R Jo\u00e3o Fernandes Vieira, 67 &#8211; Boa Vista &#8211; Recife, PE<\/p>\n<p><strong>27 de maio<br \/>\nReuni\u00e3o com Pastorais Sociais &#8211; CNBB<\/strong><br \/>\nHor\u00e1rio: das 9h \u00e0s 12h<br \/>\nLocal: Bras\u00edlia<\/p>\n<p><strong>27 de maio a 07 de junho<\/strong><br \/>\nPernambuco &#8211; Per\u00edodo indicativo para os sindicatos realizarem assembleias de prepara\u00e7\u00e3o \u00e0 greve<\/p>\n<p><strong>29 de maio<\/strong><br \/>\n<strong>Plen\u00e1ria Estadual Unificada &#8211; Rio Grande do Sul<\/strong><br \/>\nHor\u00e1rio: 14h<br \/>\nLocal: Sede do SindBanc\u00e1rios<br \/>\nEndere\u00e7o: Rua General C\u00e2mara, 424, Porto Alegre\/RS<\/p>\n<p><strong>29 de maio<br \/>\nAssembleia Conselho Nacional de Igrejas Crist\u00e3s do Brasil (CONIC)<\/strong><br \/>\nHor\u00e1rio: das 15:30 \u00e0s 16:00<br \/>\nLocal: S\u00e3o Paulo<\/p>\n<p><strong>30 de maio<\/strong><br \/>\n<strong>Dia Nacional de Manifesta\u00e7\u00e3o em Defesa da Educa\u00e7\u00e3o<\/strong><br \/>\nHor\u00e1rio: a partir das 14h<br \/>\nLocal: S\u00e3o Paulo (Ato\/Concentra\u00e7\u00e3o no V\u00e3o Livre do Masp e caminhada at\u00e9 o Largo da Batata)<\/p>\n<p><strong>31 de maio<\/strong><br \/>\n<strong>Plen\u00e1ria Estadual Unificada &#8211; Rio Grande do Norte<\/strong><\/p>\n<p><strong>4 de junho<\/strong><br \/>\n<strong>Plen\u00e1ria do Setor de Transportes dos Sindicatos filiados \u00e0 CUT<\/strong><\/p>\n<p><strong>5 de junho<\/strong><br \/>\n<strong>Encontro Nacional do Setor de Transportes<\/strong><br \/>\nLocal: Sal\u00e3o Nereu Ramos (\u00e0 confirmar), em Bras\u00edlia<\/p>\n<p><strong>6 de junho<\/strong><br \/>\nII Plen\u00e1ria Estadual Unificada \u2013 Pernambuco<br \/>\nHor\u00e1rio: 16h<br \/>\nLocal: sede do SINDSEP<br \/>\nEndere\u00e7o: R Jo\u00e3o Fernandes Vieira, 67 &#8211; Boa Vista &#8211; Recife, PE<\/p>\n","protected":false},"excerpt":{"rendered":"<p>22 de maio Plen\u00e1ria Estadual Unificada &#8211; Rio de Janeiro Hor\u00e1rio: \u00e0s 14h Local: Sede da For\u00e7a Sindical Endere\u00e7o: Rua Silvino Montenegro n\u00ba 88, Gamboa &#8211; Centro 22 de maio Plen\u00e1ria Estadual Unificada &#8211; Paran\u00e1 Hor\u00e1rio: \u00e0s 16h Local: Sede da Federa\u00e7\u00e3o dos Metal\u00fargicos Endere\u00e7o: R. Lamenha Lins, 981 &#8211; Centro, Curitiba &#8211; PR 22 de maio Plen\u00e1ria da For\u00e7a [&hellip;]<\/p>\n","protected":false},"author":27,"featured_media":0,"comment_status":"open","ping_status":"closed","sticky":false,"template":"","format":"standard","meta":{"footnotes":""},"categories":[2719],"tags":[1828,1259,2907,15,506,1260],"class_list":["post-12664","post","type-post","status-publish","format-standard","hentry","category-servidor","tag-calendario","tag-centrais","tag-geral","tag-greve","tag-paralisacao","tag-sindicais"],"_links":{"self":[{"href":"https:\/\/blogs.correiobraziliense.com.br\/servidor\/wp-json\/wp\/v2\/posts\/12664","targetHints":{"allow":["GET"]}}],"collection":[{"href":"https:\/\/blogs.correiobraziliense.com.br\/servidor\/wp-json\/wp\/v2\/posts"}],"about":[{"href":"https:\/\/blogs.correiobraziliense.com.br\/servidor\/wp-json\/wp\/v2\/types\/post"}],"author":[{"embeddable":true,"href":"https:\/\/blogs.correiobraziliense.com.br\/servidor\/wp-json\/wp\/v2\/users\/27"}],"replies":[{"embeddable":true,"href":"https:\/\/blogs.correiobraziliense.com.br\/servidor\/wp-json\/wp\/v2\/comments?post=12664"}],"version-history":[{"count":1,"href":"https:\/\/blogs.correiobraziliense.com.br\/servidor\/wp-json\/wp\/v2\/posts\/12664\/revisions"}],"predecessor-version":[{"id":12666,"href":"https:\/\/blogs.correiobraziliense.com.br\/servidor\/wp-json\/wp\/v2\/posts\/12664\/revisions\/12666"}],"wp:attachment":[{"href":"https:\/\/blogs.correiobraziliense.com.br\/servidor\/wp-json\/wp\/v2\/media?parent=12664"}],"wp:term":[{"taxonomy":"category","embeddable":true,"href":"https:\/\/blogs.correiobraziliense.com.br\/servidor\/wp-json\/wp\/v2\/categories?post=12664"},{"taxonomy":"post_tag","embeddable":true,"href":"https:\/\/blogs.correiobraziliense.com.br\/servidor\/wp-json\/wp\/v2\/tags?post=12664"}],"curies":[{"name":"wp","href":"https:\/\/api.w.org\/{rel}","templated":true}]}}