{"id":12660,"date":"2019-05-22T14:40:34","date_gmt":"2019-05-22T17:40:34","guid":{"rendered":"https:\/\/blogs.correiobraziliense.com.br\/servidor\/?p=12660"},"modified":"2019-05-22T14:40:34","modified_gmt":"2019-05-22T17:40:34","slug":"enem-somente-359-dos-participantes-tiveram-pagamento-confirmado","status":"publish","type":"post","link":"https:\/\/blogs.correiobraziliense.com.br\/servidor\/enem-somente-359-dos-participantes-tiveram-pagamento-confirmado\/","title":{"rendered":"Enem &#8211; Somente 35,9% dos participantes tiveram pagamento confirmado"},"content":{"rendered":"<p><em>Prazo de confirma\u00e7\u00e3o se encerra amanh\u00e3, 23 de maio. Apenas 35,94% dos participantes pagantes do Exame Nacional do Ensino M\u00e9dio (Enem) tiveram o pagamento confirmado pelo banco at\u00e9 o final da manh\u00e3 desta quarta-feira, 22 de maio<\/em><\/p>\n<p>O exame registrou um total de 6.384.957inscritos para a edi\u00e7\u00e3o de 2019. O Inep informou que o processo est\u00e1 dentro do previsto, como nos outros anos.<\/p>\n<p>As inscri\u00e7\u00f5es terminaram na sexta-feira, 17 de maio, mas os participantes pagantes t\u00eam at\u00e9 o dia 23 de maio para pagar a taxa, no valor de R$ 85. O n\u00famero final de participantes confirmados ser\u00e1 divulgado no pr\u00f3ximo dia 28.<\/p>\n<p>Quem teve direito \u00e0 isen\u00e7\u00e3o do pagamento da taxa e concluiu a inscri\u00e7\u00e3o no prazo j\u00e1 tem sua participa\u00e7\u00e3o garantida no exame. As provas do Enem 2019 ser\u00e3o aplicadas em dois domingos, 3 e 10 de novembro.<\/p>\n<p><strong>Realiza\u00e7\u00e3o<\/strong><\/p>\n<p>O Enem \u00e9 realizado anualmente pelo Instituto Nacional de Estudos e Pesquisas Educacionais An\u00edsio Teixeira (Inep), autarquia vinculada ao Minist\u00e9rio da Educa\u00e7\u00e3o (MEC). Em 21 edi\u00e7\u00f5es, o exame recebeu quase 100 milh\u00f5es de inscri\u00e7\u00f5es.<\/p>\n<p>O exame avalia o desempenho do estudante e viabiliza o acesso \u00e0 educa\u00e7\u00e3o superior, por meio do Sistema de Sele\u00e7\u00e3o Unificada (Sisu), Programa Universidade para Todos (ProUni) e institui\u00e7\u00f5es portuguesas.<\/p>\n<p>O exame tamb\u00e9m possibilita o financiamento e apoio estudantil, por meio do Fundo de Financiamento Estudantil (Fies).<\/p>\n<p>Os dados do Enem tamb\u00e9m permitem autoavalia\u00e7\u00e3o do estudante o desenvolvimento de estudos e indicadores educacionais. O exame \u00e9 aplicado em dois domingos e tem quatro provas objetivas, com 180 quest\u00f5es, al\u00e9m de uma reda\u00e7\u00e3o.<\/p>\n","protected":false},"excerpt":{"rendered":"<p>Prazo de confirma\u00e7\u00e3o se encerra amanh\u00e3, 23 de maio. Apenas 35,94% dos participantes pagantes do Exame Nacional do Ensino M\u00e9dio (Enem) tiveram o pagamento confirmado pelo banco at\u00e9 o final da manh\u00e3 desta quarta-feira, 22 de maio O exame registrou um total de 6.384.957inscritos para a edi\u00e7\u00e3o de 2019. O Inep informou que o processo est\u00e1 dentro do previsto, como [&hellip;]<\/p>\n","protected":false},"author":27,"featured_media":0,"comment_status":"open","ping_status":"closed","sticky":false,"template":"","format":"standard","meta":{"footnotes":""},"categories":[2719],"tags":[3787,13282,11553,4159,13923,4707,3362,4913,821,6125,392,151,3303,1669,1596,4880,4859,4007],"class_list":["post-12660","post","type-post","status-publish","format-standard","hentry","category-servidor","tag-banco","tag-confirmado","tag-educacao-superior","tag-enem","tag-estudantil","tag-fies","tag-financiamento","tag-inep","tag-inscritos","tag-isencao","tag-mec","tag-pagamento","tag-pagantes","tag-participantes","tag-programa","tag-prouni","tag-sisu","tag-taxa"],"_links":{"self":[{"href":"https:\/\/blogs.correiobraziliense.com.br\/servidor\/wp-json\/wp\/v2\/posts\/12660","targetHints":{"allow":["GET"]}}],"collection":[{"href":"https:\/\/blogs.correiobraziliense.com.br\/servidor\/wp-json\/wp\/v2\/posts"}],"about":[{"href":"https:\/\/blogs.correiobraziliense.com.br\/servidor\/wp-json\/wp\/v2\/types\/post"}],"author":[{"embeddable":true,"href":"https:\/\/blogs.correiobraziliense.com.br\/servidor\/wp-json\/wp\/v2\/users\/27"}],"replies":[{"embeddable":true,"href":"https:\/\/blogs.correiobraziliense.com.br\/servidor\/wp-json\/wp\/v2\/comments?post=12660"}],"version-history":[{"count":1,"href":"https:\/\/blogs.correiobraziliense.com.br\/servidor\/wp-json\/wp\/v2\/posts\/12660\/revisions"}],"predecessor-version":[{"id":12661,"href":"https:\/\/blogs.correiobraziliense.com.br\/servidor\/wp-json\/wp\/v2\/posts\/12660\/revisions\/12661"}],"wp:attachment":[{"href":"https:\/\/blogs.correiobraziliense.com.br\/servidor\/wp-json\/wp\/v2\/media?parent=12660"}],"wp:term":[{"taxonomy":"category","embeddable":true,"href":"https:\/\/blogs.correiobraziliense.com.br\/servidor\/wp-json\/wp\/v2\/categories?post=12660"},{"taxonomy":"post_tag","embeddable":true,"href":"https:\/\/blogs.correiobraziliense.com.br\/servidor\/wp-json\/wp\/v2\/tags?post=12660"}],"curies":[{"name":"wp","href":"https:\/\/api.w.org\/{rel}","templated":true}]}}