{"id":12643,"date":"2019-05-21T11:53:21","date_gmt":"2019-05-21T14:53:21","guid":{"rendered":"https:\/\/blogs.correiobraziliense.com.br\/servidor\/?p=12643"},"modified":"2019-05-21T11:53:21","modified_gmt":"2019-05-21T14:53:21","slug":"congresso-na-fiesp-discute-divida-ativa-da-uniao","status":"publish","type":"post","link":"https:\/\/blogs.correiobraziliense.com.br\/servidor\/congresso-na-fiesp-discute-divida-ativa-da-uniao\/","title":{"rendered":"Congresso na Fiesp discute D\u00edvida Ativa da Uni\u00e3o"},"content":{"rendered":"<p><em>Evento contar\u00e1 com a presen\u00e7a do presidente do STF e de integrantes da PGFN e da AGU. Debater\u00e1 o estoque total da d\u00edvida ativa administrada pela Uni\u00e3o, que atualmente est\u00e1 em R$ 2,1 trilh\u00f5es, tendo crescido em m\u00e9dia 11,4% ao ano nos \u00faltimos cinco anos<\/em><\/p>\n<p>O congresso &#8220;Avan\u00e7os e desafios na recupera\u00e7\u00e3o dos cr\u00e9ditos da D\u00edvida Ativa da Uni\u00e3o \u2013 di\u00e1logos interinstitucionais&#8221; acontecer\u00e1 entre os dias 30 e 31 de maio, no audit\u00f3rio da Federa\u00e7\u00e3o das Ind\u00fastrias do Estado de S\u00e3o Paulo (Fiesp), com a presen\u00e7a, dentre outras autoridades, do presidente do Supremo Tribunal Federal (STF), ministro Dias Toffoli, do procurador-geral da Fazenda Nacional, Jos\u00e9 Levi Mello do Amaral J\u00fanior, e do advogado-geral da Uni\u00e3o, ministro Andr\u00e9 Luiz de Almeida Mendon\u00e7a.<\/p>\n<p>O encontro busca debater o estoque total da d\u00edvida ativa administrada pela Uni\u00e3o, que atualmente est\u00e1 em R$ 2,1 trilh\u00f5es, tendo crescido em m\u00e9dia 11,4% ao ano nos \u00faltimos cinco anos. Na pauta dos debates est\u00e3o os desafios a serem enfrentados para a efetiva cobran\u00e7a dos valores, como o ajuizamento seletivo das execu\u00e7\u00f5es fiscais e o fortalecimento da cobran\u00e7a administrativa.<\/p>\n<p>Tamb\u00e9m ser\u00e1 discutido o aperfei\u00e7oamento do Conselho Administrativo de Recursos Fiscais (Carf), a possibilidade de celebra\u00e7\u00e3o de neg\u00f3cio jur\u00eddico processual no \u00e2mbito da Procuradoria-Geral da Fazenda (PGFN) para fins de equacionamento de d\u00e9bitos inscritos e sugest\u00f5es para aperfei\u00e7oamento da Lei de Execu\u00e7\u00f5es Fiscais.<\/p>\n<p>Com a coordena\u00e7\u00e3o de Cristiano Neuenschwander Lins de Morais, Rita Dias Nolasco e Eurico Marcos Diniz de Santi, o evento contar\u00e1 com sete pain\u00e9is. O congresso \u00e9 gratuito, e as inscri\u00e7\u00f5es podem ser feitas pelo site do evento.<\/p>\n","protected":false},"excerpt":{"rendered":"<p>Evento contar\u00e1 com a presen\u00e7a do presidente do STF e de integrantes da PGFN e da AGU. Debater\u00e1 o estoque total da d\u00edvida ativa administrada pela Uni\u00e3o, que atualmente est\u00e1 em R$ 2,1 trilh\u00f5es, tendo crescido em m\u00e9dia 11,4% ao ano nos \u00faltimos cinco anos O congresso &#8220;Avan\u00e7os e desafios na recupera\u00e7\u00e3o dos cr\u00e9ditos da D\u00edvida Ativa da Uni\u00e3o \u2013 [&hellip;]<\/p>\n","protected":false},"author":27,"featured_media":0,"comment_status":"open","ping_status":"closed","sticky":false,"template":"","format":"standard","meta":{"footnotes":""},"categories":[2719],"tags":[157,12666,538,956,100,1839,11963,3334,284,2142,34,15296],"class_list":["post-12643","post","type-post","status-publish","format-standard","hentry","category-servidor","tag-agu","tag-ajuizamento","tag-carf","tag-cobranca","tag-congresso","tag-creditos","tag-divida-ativa-da-uniao","tag-fiesp","tag-pgfn","tag-recuperacao","tag-stf","tag-trilhoes"],"_links":{"self":[{"href":"https:\/\/blogs.correiobraziliense.com.br\/servidor\/wp-json\/wp\/v2\/posts\/12643","targetHints":{"allow":["GET"]}}],"collection":[{"href":"https:\/\/blogs.correiobraziliense.com.br\/servidor\/wp-json\/wp\/v2\/posts"}],"about":[{"href":"https:\/\/blogs.correiobraziliense.com.br\/servidor\/wp-json\/wp\/v2\/types\/post"}],"author":[{"embeddable":true,"href":"https:\/\/blogs.correiobraziliense.com.br\/servidor\/wp-json\/wp\/v2\/users\/27"}],"replies":[{"embeddable":true,"href":"https:\/\/blogs.correiobraziliense.com.br\/servidor\/wp-json\/wp\/v2\/comments?post=12643"}],"version-history":[{"count":2,"href":"https:\/\/blogs.correiobraziliense.com.br\/servidor\/wp-json\/wp\/v2\/posts\/12643\/revisions"}],"predecessor-version":[{"id":12645,"href":"https:\/\/blogs.correiobraziliense.com.br\/servidor\/wp-json\/wp\/v2\/posts\/12643\/revisions\/12645"}],"wp:attachment":[{"href":"https:\/\/blogs.correiobraziliense.com.br\/servidor\/wp-json\/wp\/v2\/media?parent=12643"}],"wp:term":[{"taxonomy":"category","embeddable":true,"href":"https:\/\/blogs.correiobraziliense.com.br\/servidor\/wp-json\/wp\/v2\/categories?post=12643"},{"taxonomy":"post_tag","embeddable":true,"href":"https:\/\/blogs.correiobraziliense.com.br\/servidor\/wp-json\/wp\/v2\/tags?post=12643"}],"curies":[{"name":"wp","href":"https:\/\/api.w.org\/{rel}","templated":true}]}}