{"id":12641,"date":"2019-05-20T09:08:18","date_gmt":"2019-05-20T12:08:18","guid":{"rendered":"https:\/\/blogs.correiobraziliense.com.br\/servidor\/?p=12641"},"modified":"2019-05-19T22:13:38","modified_gmt":"2019-05-20T01:13:38","slug":"20-de-maio-dia-nacional-do-pedagogo-data-homenageia-quem-exerce-o-oficio-do-ensino","status":"publish","type":"post","link":"https:\/\/blogs.correiobraziliense.com.br\/servidor\/20-de-maio-dia-nacional-do-pedagogo-data-homenageia-quem-exerce-o-oficio-do-ensino\/","title":{"rendered":"20 de maio &#8211; Dia Nacional do Pedagogo: data homenageia quem exerce o of\u00edcio do ensino"},"content":{"rendered":"<p><em>O profissional \u00e9 o respons\u00e1vel pelo desenvolvimento e aprendizagem de crian\u00e7as e adolescentes. O exerc\u00edcio da pedagogia ultrapassa o ambiente escolar e tem sido requisitado em outras institui\u00e7\u00f5es<\/em><\/p>\n<p>Uma vez Nelson Mandela afirmou: &#8220;A educa\u00e7\u00e3o \u00e9 a arma mais poderosa que voc\u00ea pode usar para mudar o mundo&#8221;. Ele estava certo, \u00e9 ela quem transforma pessoas em cidad\u00e3os. Mas s\u00f3 \u00e9 poss\u00edvel haver educa\u00e7\u00e3o se houver quem possa ensin\u00e1-la, e \u00e9 a\u00ed que surge ent\u00e3o uma das profiss\u00f5es mais importantes: a pedagogia.<\/p>\n<p>Para lembrar da import\u00e2ncia desse of\u00edcio, \u00e9 comemorado no dia 20 de maio o Dia Nacional do Pedagogo. A data, institu\u00edda em 2010, \u00e9 uma forma de homenagear os milhares de pedagogos e pedagogas brasileiros. S\u00e3o eles que ajudam na forma\u00e7\u00e3o e aconselhamento de crian\u00e7as e adolescentes em escolas de todo o pa\u00eds. A data tamb\u00e9m \u00e9 um momento para discutir o papel da fam\u00edlia e da escola no desenvolvimento dos estudantes.<\/p>\n<p>\u00c9 por meio do trabalho realizado pelo profissional que surgem as alternativas para um ensino de qualidade, mais efetivo e que desenvolva a inclus\u00e3o, o respeito e a aprendizagem no ambiente escolar. Ele exerce ainda o papel de motivar e estimular estudantes, que, no futuro, poder\u00e3o se tornar professores, advogados, m\u00e9dicos, cientistas, jornalistas e tantas outras profiss\u00f5es.<\/p>\n<p>De acordo com o Censo da Educa\u00e7\u00e3o Superior do Minist\u00e9rio de Educa\u00e7\u00e3o (MEC), formulado em 2016, o curso de pedagogia \u00e9 um dos mais procurados no pa\u00eds e pelo menos 860 mil pessoas se formaram em pedagogia. Lidar com os desafios da educa\u00e7\u00e3o \u00e9 um dos papeis do pedagogo, que exerce o seu trabalho muito al\u00e9m dos muros da escola. Ele tamb\u00e9m precisa estar atento a todas as transforma\u00e7\u00f5es no ambiente escolar.<\/p>\n<p><strong>Pedagogia al\u00e9m dos muros da escola<\/strong><\/p>\n<p>Uma caracter\u00edstica especial de quem exerce a pedagogia \u00e9 que este profissional passou a ser requisitado n\u00e3o apenas em escolas e institui\u00e7\u00f5es de educa\u00e7\u00e3o, mas tamb\u00e9m em outros ambientes profissionais. Apesar do foco da profiss\u00e3o ser o desenvolvimento e a alfabetiza\u00e7\u00e3o de crian\u00e7as, empresas e entidades, que reconhecem a import\u00e2ncia da did\u00e1tica e da psicologia da educa\u00e7\u00e3o na forma\u00e7\u00e3o humana, encontram nesse profissional os requisitos ideais.<\/p>\n<p>Segundo Ricardo Bas\u00edlio, diretor do Col\u00e9gio Objetivo de Bras\u00edlia, o papel do pedagogo \u00e9 um dos mais importantes na fundamenta\u00e7\u00e3o da a\u00e7\u00e3o docente. &#8220;A partir do exerc\u00edcio das fun\u00e7\u00f5es do pedagogo \u00e9 que se constr\u00f3i a base te\u00f3rica do trabalho que ser\u00e1 desenvolvido pelo professor no processo ensino-aprendizagem. Cabe ao pedagogo a intera\u00e7\u00e3o entre estes saberes. Ent\u00e3o todo o planejamento que antecede o ato de ensinar deve, num primeiro momento, passar pela an\u00e1lise desse profissional&#8221;, afirma o diretor.<\/p>\n<p>No dia a dia, o pedagogo ainda enfrenta diversos obst\u00e1culos em rela\u00e7\u00e3o ao exerc\u00edcio de mediador e articulador no processo de ensino-aprendizagem, como explica Ricardo. &#8220;O distanciamento das fam\u00edlias em rela\u00e7\u00e3o \u00e0 escola e a consequente dificuldade que estas a\u00e7\u00f5es provocam no processo de aprendizagem dos alunos t\u00eam se constitu\u00eddo num grande entrave para o trabalho do pedagogo&#8221;, finaliza.<\/p>\n","protected":false},"excerpt":{"rendered":"<p>O profissional \u00e9 o respons\u00e1vel pelo desenvolvimento e aprendizagem de crian\u00e7as e adolescentes. O exerc\u00edcio da pedagogia ultrapassa o ambiente escolar e tem sido requisitado em outras institui\u00e7\u00f5es Uma vez Nelson Mandela afirmou: &#8220;A educa\u00e7\u00e3o \u00e9 a arma mais poderosa que voc\u00ea pode usar para mudar o mundo&#8221;. Ele estava certo, \u00e9 ela quem transforma pessoas em cidad\u00e3os. Mas s\u00f3 [&hellip;]<\/p>\n","protected":false},"author":27,"featured_media":0,"comment_status":"open","ping_status":"closed","sticky":false,"template":"","format":"standard","meta":{"footnotes":""},"categories":[2719],"tags":[6528,12231,7152,4017,3355,48,1296,1163,1242,6277,8133,15295,478,1337,261,1617],"class_list":["post-12641","post","type-post","status-publish","format-standard","hentry","category-servidor","tag-adolescentes","tag-aprendizagem","tag-arma","tag-criancas","tag-desenvolvimento","tag-educacao","tag-ensino","tag-estudantes","tag-familia","tag-inclusao","tag-oficio","tag-pedagogo","tag-profissional","tag-respeito","tag-trabalho","tag-transforma"],"_links":{"self":[{"href":"https:\/\/blogs.correiobraziliense.com.br\/servidor\/wp-json\/wp\/v2\/posts\/12641","targetHints":{"allow":["GET"]}}],"collection":[{"href":"https:\/\/blogs.correiobraziliense.com.br\/servidor\/wp-json\/wp\/v2\/posts"}],"about":[{"href":"https:\/\/blogs.correiobraziliense.com.br\/servidor\/wp-json\/wp\/v2\/types\/post"}],"author":[{"embeddable":true,"href":"https:\/\/blogs.correiobraziliense.com.br\/servidor\/wp-json\/wp\/v2\/users\/27"}],"replies":[{"embeddable":true,"href":"https:\/\/blogs.correiobraziliense.com.br\/servidor\/wp-json\/wp\/v2\/comments?post=12641"}],"version-history":[{"count":1,"href":"https:\/\/blogs.correiobraziliense.com.br\/servidor\/wp-json\/wp\/v2\/posts\/12641\/revisions"}],"predecessor-version":[{"id":12642,"href":"https:\/\/blogs.correiobraziliense.com.br\/servidor\/wp-json\/wp\/v2\/posts\/12641\/revisions\/12642"}],"wp:attachment":[{"href":"https:\/\/blogs.correiobraziliense.com.br\/servidor\/wp-json\/wp\/v2\/media?parent=12641"}],"wp:term":[{"taxonomy":"category","embeddable":true,"href":"https:\/\/blogs.correiobraziliense.com.br\/servidor\/wp-json\/wp\/v2\/categories?post=12641"},{"taxonomy":"post_tag","embeddable":true,"href":"https:\/\/blogs.correiobraziliense.com.br\/servidor\/wp-json\/wp\/v2\/tags?post=12641"}],"curies":[{"name":"wp","href":"https:\/\/api.w.org\/{rel}","templated":true}]}}