{"id":12637,"date":"2019-05-19T15:57:28","date_gmt":"2019-05-19T18:57:28","guid":{"rendered":"https:\/\/blogs.correiobraziliense.com.br\/servidor\/?p=12637"},"modified":"2019-05-19T15:57:28","modified_gmt":"2019-05-19T18:57:28","slug":"dia-da-defensoria-publica-instituicao-presente-em-apenas-40-do-territorio-nacional","status":"publish","type":"post","link":"https:\/\/blogs.correiobraziliense.com.br\/servidor\/dia-da-defensoria-publica-instituicao-presente-em-apenas-40-do-territorio-nacional\/","title":{"rendered":"Dia da Defensoria P\u00fablica &#8211; institui\u00e7\u00e3o presente em apenas 40% do territ\u00f3rio nacional"},"content":{"rendered":"<p><em>Hoje, 19 de maio, se comemora o Dia da Defensoria P\u00fablica. Mas o pa\u00eds est\u00e1 longe de cumprir as determina\u00e7\u00f5es da Emenda Constitucional (EC 80\/2014) que fixou o prazo de &#8220;8 (oito) anos, para Uni\u00e3o, Estados e Distrito Federal contarem com defensores &#8220;. No Brasil h\u00e1 cerca de 6 mil deles, em compara\u00e7\u00e3o aos 11,8 mil ju\u00edzes e 10,8 mil promotores. A balan\u00e7a da Justi\u00e7a est\u00e1 desequilibrada<\/em><\/p>\n<p>No dia 3 de junho, a partir das 11 horas, o plen\u00e1rio do Senado Federal ter\u00e1 uma sess\u00e3o solene para marcar a passagem do Dia da Defensora, do Defensor P\u00fablico e da Defensoria P\u00fablica \u2013 tradicionalmente celebrado no dia 19 de maio. A solenidade comemorar\u00e1 tamb\u00e9m o anivers\u00e1rio da Emenda Constitucional 80\/2014, que completar\u00e1 cinco anos. O requerimento da sess\u00e3o foi apresentado pelo senador Paulo Paim (PT\/RS).<\/p>\n<p>De acordo com o presidente da Associa\u00e7\u00e3o Nacional das Defensoras e Defensores P\u00fablico (Anadep), Pedro Paulo Coelho, a sess\u00e3o ser\u00e1 um momento especial para a entidade ressaltar o trabalho dos profissionais em todo o pa\u00eds, al\u00e9m de destacar a necessidade de investimentos na institui\u00e7\u00e3o por meio de projetos importantes que tramitam na Casa.<\/p>\n<p><strong>Brasil tem tr\u00eas anos para cumprir EC 80<\/strong><\/p>\n<p>Origin\u00e1ria da PEC Defensoria para Todos (PEC 247\/2013, na C\u00e2mara, e PEC 4\/2014, no Senado), a EC 80 \u00e9 um instrumento eficaz para o fortalecimento e a interioriza\u00e7\u00e3o da Defensoria P\u00fablica porque visa a preencher, at\u00e9 2022, todas as comarcas do pa\u00eds de defensoras e defensores p\u00fablicos, informa a Anadep.<\/p>\n<p>Conforme o texto da EC 80, o n\u00famero de defensores dever\u00e1 ser proporcional \u00e0 demanda da popula\u00e7\u00e3o e a prioridade para ocupa\u00e7\u00e3o dos cargos dever\u00e1 contemplar as regi\u00f5es com maiores \u00edndices de exclus\u00e3o social.<\/p>\n<p>Hoje no Brasil h\u00e1 cerca de 6.060 defensores p\u00fablicos. De acordo com o Minist\u00e9rio da Justi\u00e7a, o ideal \u00e9 um profissional para atender cada grupo de 15 mil pessoas. No entanto, a Institui\u00e7\u00e3o s\u00f3 est\u00e1 presente em 40% das unidades jurisdicionais do territ\u00f3rio nacional. A balan\u00e7a da Justi\u00e7a se mostra ainda mais desequilibrada quando comparada ao n\u00famero de ju\u00edzes (11.807) e de promotores (10.874).<\/p>\n","protected":false},"excerpt":{"rendered":"<p>Hoje, 19 de maio, se comemora o Dia da Defensoria P\u00fablica. Mas o pa\u00eds est\u00e1 longe de cumprir as determina\u00e7\u00f5es da Emenda Constitucional (EC 80\/2014) que fixou o prazo de &#8220;8 (oito) anos, para Uni\u00e3o, Estados e Distrito Federal contarem com defensores &#8220;. No Brasil h\u00e1 cerca de 6 mil deles, em compara\u00e7\u00e3o aos 11,8 mil ju\u00edzes e 10,8 mil [&hellip;]<\/p>\n","protected":false},"author":27,"featured_media":0,"comment_status":"open","ping_status":"closed","sticky":false,"template":"","format":"standard","meta":{"footnotes":""},"categories":[2719],"tags":[1441,791,4410,15287,433,15289,943,15292,15291,1008,344,260,1973,15290,545,1300,4303,696,4315,15288,330],"class_list":["post-12637","post","type-post","status-publish","format-standard","hentry","category-servidor","tag-anadep","tag-cargos","tag-comarcas","tag-dia-da-defensoria-publica","tag-distrito-federal","tag-ec-80-2014","tag-estados","tag-exclusao-social","tag-interiorizacao","tag-investimentos","tag-juizes","tag-justica","tag-ministerio-da-justica","tag-pec-defensoria-para-todos","tag-populacao","tag-projetos","tag-promotores","tag-senado","tag-solenidade","tag-territorio-nacional","tag-uniao"],"_links":{"self":[{"href":"https:\/\/blogs.correiobraziliense.com.br\/servidor\/wp-json\/wp\/v2\/posts\/12637","targetHints":{"allow":["GET"]}}],"collection":[{"href":"https:\/\/blogs.correiobraziliense.com.br\/servidor\/wp-json\/wp\/v2\/posts"}],"about":[{"href":"https:\/\/blogs.correiobraziliense.com.br\/servidor\/wp-json\/wp\/v2\/types\/post"}],"author":[{"embeddable":true,"href":"https:\/\/blogs.correiobraziliense.com.br\/servidor\/wp-json\/wp\/v2\/users\/27"}],"replies":[{"embeddable":true,"href":"https:\/\/blogs.correiobraziliense.com.br\/servidor\/wp-json\/wp\/v2\/comments?post=12637"}],"version-history":[{"count":1,"href":"https:\/\/blogs.correiobraziliense.com.br\/servidor\/wp-json\/wp\/v2\/posts\/12637\/revisions"}],"predecessor-version":[{"id":12638,"href":"https:\/\/blogs.correiobraziliense.com.br\/servidor\/wp-json\/wp\/v2\/posts\/12637\/revisions\/12638"}],"wp:attachment":[{"href":"https:\/\/blogs.correiobraziliense.com.br\/servidor\/wp-json\/wp\/v2\/media?parent=12637"}],"wp:term":[{"taxonomy":"category","embeddable":true,"href":"https:\/\/blogs.correiobraziliense.com.br\/servidor\/wp-json\/wp\/v2\/categories?post=12637"},{"taxonomy":"post_tag","embeddable":true,"href":"https:\/\/blogs.correiobraziliense.com.br\/servidor\/wp-json\/wp\/v2\/tags?post=12637"}],"curies":[{"name":"wp","href":"https:\/\/api.w.org\/{rel}","templated":true}]}}