{"id":12626,"date":"2019-05-18T14:53:39","date_gmt":"2019-05-18T17:53:39","guid":{"rendered":"https:\/\/blogs.correiobraziliense.com.br\/servidor\/?p=12626"},"modified":"2019-05-18T14:54:20","modified_gmt":"2019-05-18T17:54:20","slug":"auditores-da-receita-federal-dia-nacional-contra-a-mordaca","status":"publish","type":"post","link":"https:\/\/blogs.correiobraziliense.com.br\/servidor\/auditores-da-receita-federal-dia-nacional-contra-a-mordaca\/","title":{"rendered":"Auditores da Receita Federal &#8211; Dia Nacional Contra a Morda\u00e7a"},"content":{"rendered":"<p><em>Na pr\u00f3xima ter\u00e7a-feira (21), cada Delegacia Sindical no pa\u00eds organizar\u00e1 protestos e atos p\u00fablicos, que ser\u00e3o divulgados nas p\u00e1ginas na internet e nas redes sociais. Auditores afirmam que a MP 870 limita as compet\u00eancias do cargo e impede a coopera\u00e7\u00e3o com outras institui\u00e7\u00f5es no enfrentamento de crimes de colarinho branco. Uma tentativa de amorda\u00e7ar e calar a classe<\/em><\/p>\n<p>Em rea\u00e7\u00e3o \u00e0 tentativa de impedir o Fisco de atuar no combate a crimes como lavagem de dinheiro e corrup\u00e7\u00e3o, auditores-fiscais de todo o Brasil far\u00e3o na pr\u00f3xima ter\u00e7a-feira (21) o Dia Nacional Contra a Morda\u00e7a, com manifesta\u00e7\u00f5es em v\u00e1rias cidades do pa\u00eds. O protesto, segundo o Sindicato Nacional dos Auditores-Fiscais da Receita Federal (Sindifisco), \u00e9 para chamar a aten\u00e7\u00e3o da sociedade, do poder p\u00fablico e, principalmente, de deputados e senadores para os riscos de aprovar a Medida Provis\u00f3ria (MP 870\/2019) com a previs\u00e3o de limita\u00e7\u00f5es nas compet\u00eancias da classe<\/p>\n<p>Caso o texto seja aprovado da forma como est\u00e1, a MP &#8211; na pauta do plen\u00e1rio da C\u00e2mara na pr\u00f3xima semana &#8211; representar\u00e1 um retrocesso nas conquistas hist\u00f3ricas que resultaram na investiga\u00e7\u00e3o e puni\u00e7\u00e3o de respons\u00e1veis por esquemas que dilapidaram o er\u00e1rio em desfavor da sociedade e do Estado brasileiro, afirma a entidade. &#8220;Tal fato seria um desservi\u00e7o \u00e0 democracia e \u00e0s institui\u00e7\u00f5es, como a Receita Federal, que demonstraram ser instrumentos efetivos de combate \u00e0 corrup\u00e7\u00e3o, \u00e0 lavagem de dinheiro e a outros crimes conexos&#8221;, aponta a nota.<\/p>\n<p>O presidente do Sindifisco, Kleber Cabral, ao convocar os auditores a participar das manifesta\u00e7\u00f5es do Dia Nacional Contra a Morda\u00e7a, ressalta que essa luta j\u00e1 recebeu relevantes apoios de diversas entidades ligadas ao combate \u00e0 corrup\u00e7\u00e3o, como o Minist\u00e9rio P\u00fablico Federal (MPF) e a Transpar\u00eancia Internacional, al\u00e9m de juristas, de parlamentares e da sociedade em geral, que se manifestaram contra a MP em in\u00fameras mensagens nasredes sociais. &#8220;De forma semelhante, a grande imprensa vem divulgando v\u00e1rias mat\u00e9rias sobre os preju\u00edzos advindos da poss\u00edvel aprova\u00e7\u00e3o do dispositivo&#8221;, destaca o domento.<\/p>\n<p>O Sindifisco ressalta que, em nota t\u00e9cnica, o MPF, por meio da 2\u00aa C\u00e2mara de Coordena\u00e7\u00e3o e Revis\u00e3o (Criminal), apontou claramente inconstitucionalidades no texto da emenda que foi inclu\u00edda na MP. Assinada pela subprocuradora-geral da Rep\u00fablica, Luiza Cristina Fonseca Frischeisen, a nota t\u00e9cnica enfatiza que o texto engessa os auditores-fiscais na condu\u00e7\u00e3o de investiga\u00e7\u00f5es criminais e limita a comunica\u00e7\u00e3o de crimes \u2013 especialmente os de \u201ccolarinho branco\u201d \u2013 aos demais \u00f3rg\u00e3os competentes.<\/p>\n<p><strong>Mobiliza\u00e7\u00e3o<\/strong><\/p>\n<p>A ideia de promover o Dia Nacional Contra a Morda\u00e7a na Receita Federal surgiu na \u00faltima ter\u00e7a-feira (14) durante reuni\u00e3o telef\u00f4nica entre integrantes da Diretoria Executiva do Sindifisco Nacional e representantes de mais de 20 Delegacias Sindicais. A inten\u00e7\u00e3o \u00e9 que cada DS organize protestos e atos p\u00fablicos na pr\u00f3xima ter\u00e7a-feira, numa tentativa de chamar a aten\u00e7\u00e3o da opini\u00e3o p\u00fablica e dos parlamentares em suas pr\u00f3prias bases.<\/p>\n<p>Com o objetivo de dar maior visibilidade \u00e0 mobiliza\u00e7\u00e3o, a Dire\u00e7\u00e3o Nacional orienta a cada delegacia fazer a divulga\u00e7\u00e3o dos atos em suas p\u00e1ginas na internet e em suas redes sociais, contatando ainda a imprensa local, com o detalhamento de hor\u00e1rio e local das manifesta\u00e7\u00f5es.<\/p>\n<p>&#8220;\u00c9 fundamental neste momento de ataque \u00e0s atribui\u00e7\u00f5es dos auditores e ao Estado brasileiro demonstrar que a \u201cemenda jabuti\u201d inclu\u00edda no texto da MP representa grave restri\u00e7\u00e3o nas compet\u00eancias do cargo, impedindo a Receita Federal de cooperar com outras institui\u00e7\u00f5es no enfrentamento a pr\u00e1ticas delituosas, numa clara tentativa de amorda\u00e7ar e calar o trabalho dos auditores-fiscais&#8221;, finaliza a nota.<\/p>\n","protected":false},"excerpt":{"rendered":"<p>Na pr\u00f3xima ter\u00e7a-feira (21), cada Delegacia Sindical no pa\u00eds organizar\u00e1 protestos e atos p\u00fablicos, que ser\u00e3o divulgados nas p\u00e1ginas na internet e nas redes sociais. Auditores afirmam que a MP 870 limita as compet\u00eancias do cargo e impede a coopera\u00e7\u00e3o com outras institui\u00e7\u00f5es no enfrentamento de crimes de colarinho branco. Uma tentativa de amorda\u00e7ar e calar a classe Em rea\u00e7\u00e3o [&hellip;]<\/p>\n","protected":false},"author":27,"featured_media":0,"comment_status":"open","ping_status":"closed","sticky":false,"template":"","format":"standard","meta":{"footnotes":""},"categories":[2719],"tags":[648,10067,2852,1178,1642,1298,15284,1419,722,7204,15194,268,555,1141,294,39,351],"class_list":["post-12626","post","type-post","status-publish","format-standard","hentry","category-servidor","tag-auditores-fiscais","tag-colarinho-branco","tag-competencia","tag-cooperacao","tag-crimes","tag-deputados","tag-dia-nacional-contra-a-mordaca","tag-erario","tag-investigacao","tag-lavagem-de-dinheiro","tag-mp-870-2019","tag-parlamentares","tag-protestos","tag-punicao","tag-receita-federal","tag-senadores","tag-sociedade"],"_links":{"self":[{"href":"https:\/\/blogs.correiobraziliense.com.br\/servidor\/wp-json\/wp\/v2\/posts\/12626","targetHints":{"allow":["GET"]}}],"collection":[{"href":"https:\/\/blogs.correiobraziliense.com.br\/servidor\/wp-json\/wp\/v2\/posts"}],"about":[{"href":"https:\/\/blogs.correiobraziliense.com.br\/servidor\/wp-json\/wp\/v2\/types\/post"}],"author":[{"embeddable":true,"href":"https:\/\/blogs.correiobraziliense.com.br\/servidor\/wp-json\/wp\/v2\/users\/27"}],"replies":[{"embeddable":true,"href":"https:\/\/blogs.correiobraziliense.com.br\/servidor\/wp-json\/wp\/v2\/comments?post=12626"}],"version-history":[{"count":2,"href":"https:\/\/blogs.correiobraziliense.com.br\/servidor\/wp-json\/wp\/v2\/posts\/12626\/revisions"}],"predecessor-version":[{"id":12628,"href":"https:\/\/blogs.correiobraziliense.com.br\/servidor\/wp-json\/wp\/v2\/posts\/12626\/revisions\/12628"}],"wp:attachment":[{"href":"https:\/\/blogs.correiobraziliense.com.br\/servidor\/wp-json\/wp\/v2\/media?parent=12626"}],"wp:term":[{"taxonomy":"category","embeddable":true,"href":"https:\/\/blogs.correiobraziliense.com.br\/servidor\/wp-json\/wp\/v2\/categories?post=12626"},{"taxonomy":"post_tag","embeddable":true,"href":"https:\/\/blogs.correiobraziliense.com.br\/servidor\/wp-json\/wp\/v2\/tags?post=12626"}],"curies":[{"name":"wp","href":"https:\/\/api.w.org\/{rel}","templated":true}]}}