{"id":12604,"date":"2019-05-16T21:06:19","date_gmt":"2019-05-17T00:06:19","guid":{"rendered":"https:\/\/blogs.correiobraziliense.com.br\/servidor\/?p=12604"},"modified":"2019-05-16T21:06:19","modified_gmt":"2019-05-17T00:06:19","slug":"fnde-capacitacao-para-assessores-parlamentares","status":"publish","type":"post","link":"https:\/\/blogs.correiobraziliense.com.br\/servidor\/fnde-capacitacao-para-assessores-parlamentares\/","title":{"rendered":"FNDE &#8211; Capacita\u00e7\u00e3o para assessores parlamentares"},"content":{"rendered":"<p><em>Segunda edi\u00e7\u00e3o do Mais Brasil no Congresso Nacional ser\u00e1 nesta sexta-feira, dia 17<\/em><\/p>\n<p>O Fundo Nacional de Desenvolvimento da Educa\u00e7\u00e3o (FNDE) far\u00e1 nesta sexta-feira, dia 17, das 9h \u00e0s 12h, a segunda edi\u00e7\u00e3o do Mais Brasil: FNDE em A\u00e7\u00e3o pela Educa\u00e7\u00e3o no Congresso Nacional. O evento, que ser\u00e1 no Audit\u00f3rio Nereu Ramos, na C\u00e2mara dos Deputados, tem como objetivo capacitar assessores parlamentares de deputados e senadores sobre programas e a\u00e7\u00f5es educacionais da autarquia. Os interessados em participar devem confirmar presen\u00e7a no link a seguir: https:\/\/forms.gle\/s2BZgasYY2M9dtKg9.<\/p>\n<p>Neste encontro, o foco principal s\u00e3o as obras de infraestrutura educacional, como quadras esportivas, unidades de educa\u00e7\u00e3o infantil e escolas de ensino fundamental. Tamb\u00e9m haver\u00e1 orienta\u00e7\u00f5es sobre o funcionamento do m\u00f3dulo Obras 2.0, do Sistema Integrado de Monitoramento, Execu\u00e7\u00e3o e Controle (Simec), ferramenta de monitoramento de todas as obras financiadas com recursos do FNDE.<\/p>\n<p>Essa \u00e9 a segunda edi\u00e7\u00e3o do Mais Brasil no Congresso. A previs\u00e3o \u00e9 de que outros encontros sejam realizados durante o ano, com tem\u00e1ticas variadas, todos voltados para assessores parlamentares. No primeiro evento da s\u00e9rie, no in\u00edcio de abril, cerca de 50 assessores participaram da capacita\u00e7\u00e3o.<\/p>\n","protected":false},"excerpt":{"rendered":"<p>Segunda edi\u00e7\u00e3o do Mais Brasil no Congresso Nacional ser\u00e1 nesta sexta-feira, dia 17 O Fundo Nacional de Desenvolvimento da Educa\u00e7\u00e3o (FNDE) far\u00e1 nesta sexta-feira, dia 17, das 9h \u00e0s 12h, a segunda edi\u00e7\u00e3o do Mais Brasil: FNDE em A\u00e7\u00e3o pela Educa\u00e7\u00e3o no Congresso Nacional. O evento, que ser\u00e1 no Audit\u00f3rio Nereu Ramos, na C\u00e2mara dos Deputados, tem como objetivo capacitar [&hellip;]<\/p>\n","protected":false},"author":27,"featured_media":0,"comment_status":"open","ping_status":"closed","sticky":false,"template":"","format":"standard","meta":{"footnotes":""},"categories":[2719],"tags":[3371,3866,100,10562,4706,487,268],"class_list":["post-12604","post","type-post","status-publish","format-standard","hentry","category-servidor","tag-assessores","tag-capacitacao","tag-congresso","tag-educacional","tag-fnde","tag-infraestrutura","tag-parlamentares"],"_links":{"self":[{"href":"https:\/\/blogs.correiobraziliense.com.br\/servidor\/wp-json\/wp\/v2\/posts\/12604","targetHints":{"allow":["GET"]}}],"collection":[{"href":"https:\/\/blogs.correiobraziliense.com.br\/servidor\/wp-json\/wp\/v2\/posts"}],"about":[{"href":"https:\/\/blogs.correiobraziliense.com.br\/servidor\/wp-json\/wp\/v2\/types\/post"}],"author":[{"embeddable":true,"href":"https:\/\/blogs.correiobraziliense.com.br\/servidor\/wp-json\/wp\/v2\/users\/27"}],"replies":[{"embeddable":true,"href":"https:\/\/blogs.correiobraziliense.com.br\/servidor\/wp-json\/wp\/v2\/comments?post=12604"}],"version-history":[{"count":1,"href":"https:\/\/blogs.correiobraziliense.com.br\/servidor\/wp-json\/wp\/v2\/posts\/12604\/revisions"}],"predecessor-version":[{"id":12605,"href":"https:\/\/blogs.correiobraziliense.com.br\/servidor\/wp-json\/wp\/v2\/posts\/12604\/revisions\/12605"}],"wp:attachment":[{"href":"https:\/\/blogs.correiobraziliense.com.br\/servidor\/wp-json\/wp\/v2\/media?parent=12604"}],"wp:term":[{"taxonomy":"category","embeddable":true,"href":"https:\/\/blogs.correiobraziliense.com.br\/servidor\/wp-json\/wp\/v2\/categories?post=12604"},{"taxonomy":"post_tag","embeddable":true,"href":"https:\/\/blogs.correiobraziliense.com.br\/servidor\/wp-json\/wp\/v2\/tags?post=12604"}],"curies":[{"name":"wp","href":"https:\/\/api.w.org\/{rel}","templated":true}]}}