{"id":12589,"date":"2019-05-16T13:55:56","date_gmt":"2019-05-16T16:55:56","guid":{"rendered":"https:\/\/blogs.correiobraziliense.com.br\/servidor\/?p=12589"},"modified":"2019-05-16T13:55:56","modified_gmt":"2019-05-16T16:55:56","slug":"convenio-com-o-fisco-possibilita-que-cartorios-de-registro-civil-ampliem-servicos-de-cpf","status":"publish","type":"post","link":"https:\/\/blogs.correiobraziliense.com.br\/servidor\/convenio-com-o-fisco-possibilita-que-cartorios-de-registro-civil-ampliem-servicos-de-cpf\/","title":{"rendered":"Conv\u00eanio com o Fisco possibilita que cart\u00f3rios de registro civil ampliem servi\u00e7os de CPF"},"content":{"rendered":"<p><em>Instru\u00e7\u00e3o normativa que regula conv\u00eanio com Arpen-BR trar\u00e1 mais comodidade para o cidad\u00e3o, de acordo com a Receita Federal. Servi\u00e7o estar\u00e1 dispon\u00edvel para o cidad\u00e3o (alguns gratuitos e outros com tarifa de R$ 1), a partir de novembro desse ano<\/em><\/p>\n<p>Um conv\u00eanio firmado entre a Receita Federal e a Associa\u00e7\u00e3o dos Registradores de Pessoas Naturais (Arpen-BR) trar\u00e1 mais facilidade aos cidad\u00e3os que precisam de algum servi\u00e7o relativo ao Cadastro de Pessoas F\u00edsicas (CPF), tais como a pesquisa do n\u00famero de inscri\u00e7\u00e3o ou altera\u00e7\u00e3o dos dados cadastrais. A estimativa \u00e9 que os cart\u00f3rios e demais serventias de registro civil comecem a oferecer os servi\u00e7os at\u00e9 novembro deste ano.<\/p>\n<p>A Instru\u00e7\u00e3o Normativa RFB n\u00ba 1890\/2019, que disp\u00f5e sobre o conv\u00eanio, foi publicada hoje no Di\u00e1rio Oficial da Uni\u00e3o (DOU). Para fins de sustentabilidade dos servi\u00e7os, as serventias poder\u00e3o cobrar do solicitante uma tarifa de conveni\u00eancia no valor de at\u00e9 R$ 7,00 (sete reais). Por\u00e9m, alguns servi\u00e7os permanecem com car\u00e1ter gratuito, tais como o registro de nascimento.<\/p>\n<p>A parceria amplia de forma consider\u00e1vel a rede de atendimento terceirizada da Receita Federal, pois as unidades dos Correios, Banco do Brasil e Caixa Econ\u00f4mica Federal continuar\u00e3o a prestar servi\u00e7os de CPF. Al\u00e9m disso, o cidad\u00e3o poder\u00e1 solicitar atos de inscri\u00e7\u00e3o e de altera\u00e7\u00e3o de dados cadastrais, gratuitamente, por meio do s\u00edtio da Receita Federal na internet.<\/p>\n","protected":false},"excerpt":{"rendered":"<p>Instru\u00e7\u00e3o normativa que regula conv\u00eanio com Arpen-BR trar\u00e1 mais comodidade para o cidad\u00e3o, de acordo com a Receita Federal. Servi\u00e7o estar\u00e1 dispon\u00edvel para o cidad\u00e3o (alguns gratuitos e outros com tarifa de R$ 1), a partir de novembro desse ano Um conv\u00eanio firmado entre a Receita Federal e a Associa\u00e7\u00e3o dos Registradores de Pessoas Naturais (Arpen-BR) trar\u00e1 mais facilidade aos [&hellip;]<\/p>\n","protected":false},"author":27,"featured_media":0,"comment_status":"open","ping_status":"closed","sticky":false,"template":"","format":"standard","meta":{"footnotes":""},"categories":[2719],"tags":[15257,142,1177,144,167,1769,247,2345,1291,294,14170,5734,4007],"class_list":["post-12589","post","type-post","status-publish","format-standard","hentry","category-servidor","tag-arpen-br","tag-cartorios","tag-convenio","tag-cpf","tag-dados","tag-dou","tag-fisco","tag-gratuito","tag-inscricao","tag-receita-federal","tag-registro-civil","tag-serventias","tag-taxa"],"_links":{"self":[{"href":"https:\/\/blogs.correiobraziliense.com.br\/servidor\/wp-json\/wp\/v2\/posts\/12589","targetHints":{"allow":["GET"]}}],"collection":[{"href":"https:\/\/blogs.correiobraziliense.com.br\/servidor\/wp-json\/wp\/v2\/posts"}],"about":[{"href":"https:\/\/blogs.correiobraziliense.com.br\/servidor\/wp-json\/wp\/v2\/types\/post"}],"author":[{"embeddable":true,"href":"https:\/\/blogs.correiobraziliense.com.br\/servidor\/wp-json\/wp\/v2\/users\/27"}],"replies":[{"embeddable":true,"href":"https:\/\/blogs.correiobraziliense.com.br\/servidor\/wp-json\/wp\/v2\/comments?post=12589"}],"version-history":[{"count":1,"href":"https:\/\/blogs.correiobraziliense.com.br\/servidor\/wp-json\/wp\/v2\/posts\/12589\/revisions"}],"predecessor-version":[{"id":12590,"href":"https:\/\/blogs.correiobraziliense.com.br\/servidor\/wp-json\/wp\/v2\/posts\/12589\/revisions\/12590"}],"wp:attachment":[{"href":"https:\/\/blogs.correiobraziliense.com.br\/servidor\/wp-json\/wp\/v2\/media?parent=12589"}],"wp:term":[{"taxonomy":"category","embeddable":true,"href":"https:\/\/blogs.correiobraziliense.com.br\/servidor\/wp-json\/wp\/v2\/categories?post=12589"},{"taxonomy":"post_tag","embeddable":true,"href":"https:\/\/blogs.correiobraziliense.com.br\/servidor\/wp-json\/wp\/v2\/tags?post=12589"}],"curies":[{"name":"wp","href":"https:\/\/api.w.org\/{rel}","templated":true}]}}