{"id":12585,"date":"2019-05-16T13:41:08","date_gmt":"2019-05-16T16:41:08","guid":{"rendered":"https:\/\/blogs.correiobraziliense.com.br\/servidor\/?p=12585"},"modified":"2019-05-16T13:41:08","modified_gmt":"2019-05-16T16:41:08","slug":"previc-publica-analise-das-despesas-dos-fundos-de-pensao","status":"publish","type":"post","link":"https:\/\/blogs.correiobraziliense.com.br\/servidor\/previc-publica-analise-das-despesas-dos-fundos-de-pensao\/","title":{"rendered":"Previc publica an\u00e1lise das despesas dos fundos de pens\u00e3o"},"content":{"rendered":"<p><em>A Superintend\u00eancia Nacional de Previd\u00eancia Complementar (Previc) divulgou em seu site a oitava edi\u00e7\u00e3o do estudo sobre as despesas administrativas, referente ao exerc\u00edcio de 2018. O documento tem o intuito de oferecer subs\u00eddios para o aumento da efici\u00eancia na gest\u00e3o e para a garantia do equil\u00edbrio operacional das funda\u00e7\u00f5es.<\/em><\/p>\n<p>Ao final de 2018, o Sistema Fechado de Previd\u00eancia Complementar Brasileiro contava com 1.134 planos de benef\u00edcios administrados por 296 entidades, com ativos totais em torno de R$ 904 bilh\u00f5es de reais. De acordo com os dados de dezembro de 2018, a popula\u00e7\u00e3o protegida superava 7,5 milh\u00f5es de pessoas, sendo cerca de 2,7 milh\u00f5es de participantes ativos, 653 mil aposentados, 184 mil pensionistas e 4 milh\u00f5es de designados (pessoas indicadas pelo participante ou assistido, que podem ter direito a benef\u00edcios, de acordo com as regras do regulamento do plano).<\/p>\n<p>O estudo demonstra que a taxa de administra\u00e7\u00e3o m\u00e9dia do setor foi de 0,82% a.a. em 2018, medida como o total de despesas administrativas anuais em rela\u00e7\u00e3o ao total dos ativos de cada entidade. Os n\u00fameros indicam que o ganho de escala trazido pela previd\u00eancia complementar fica evidenciado na medida em que institui\u00e7\u00f5es de maior porte apresentam taxas gradativamente menores. Para institui\u00e7\u00f5es com ativos totais de at\u00e9 R$ 100 milh\u00f5es a taxa m\u00e9dia foi de 2,3% a.a., ao passo que para aquelas com recursos superiores a R$ 15 bilh\u00f5es a taxa m\u00e9dia foi de apenas 0,3% a.a.<\/p>\n<p>Veja a <a href=\"http:\/\/www.previc.gov.br\/central-de-conteudos\/publicacoes\/series-de-estudo\/serie-de-estudos-1\/8a-serie-de-estudos.pdf\">\u00edntegra do estudo<\/a>.<\/p>\n","protected":false},"excerpt":{"rendered":"<p>A Superintend\u00eancia Nacional de Previd\u00eancia Complementar (Previc) divulgou em seu site a oitava edi\u00e7\u00e3o do estudo sobre as despesas administrativas, referente ao exerc\u00edcio de 2018. O documento tem o intuito de oferecer subs\u00eddios para o aumento da efici\u00eancia na gest\u00e3o e para a garantia do equil\u00edbrio operacional das funda\u00e7\u00f5es. Ao final de 2018, o Sistema Fechado de Previd\u00eancia Complementar Brasileiro [&hellip;]<\/p>\n","protected":false},"author":27,"featured_media":0,"comment_status":"open","ping_status":"closed","sticky":false,"template":"","format":"standard","meta":{"footnotes":""},"categories":[2719],"tags":[1224,345,852,235,1033,1803,4335,153,315,7137,15255,8463,4978,4857],"class_list":["post-12585","post","type-post","status-publish","format-standard","hentry","category-servidor","tag-analise","tag-aposentados","tag-beneficios","tag-despesas","tag-eficiencia","tag-equilibrio","tag-fundacoes","tag-fundos-de-pensao","tag-gestao","tag-operacional","tag-participatnes","tag-pensionsitas","tag-previc","tag-regulamento"],"_links":{"self":[{"href":"https:\/\/blogs.correiobraziliense.com.br\/servidor\/wp-json\/wp\/v2\/posts\/12585","targetHints":{"allow":["GET"]}}],"collection":[{"href":"https:\/\/blogs.correiobraziliense.com.br\/servidor\/wp-json\/wp\/v2\/posts"}],"about":[{"href":"https:\/\/blogs.correiobraziliense.com.br\/servidor\/wp-json\/wp\/v2\/types\/post"}],"author":[{"embeddable":true,"href":"https:\/\/blogs.correiobraziliense.com.br\/servidor\/wp-json\/wp\/v2\/users\/27"}],"replies":[{"embeddable":true,"href":"https:\/\/blogs.correiobraziliense.com.br\/servidor\/wp-json\/wp\/v2\/comments?post=12585"}],"version-history":[{"count":1,"href":"https:\/\/blogs.correiobraziliense.com.br\/servidor\/wp-json\/wp\/v2\/posts\/12585\/revisions"}],"predecessor-version":[{"id":12586,"href":"https:\/\/blogs.correiobraziliense.com.br\/servidor\/wp-json\/wp\/v2\/posts\/12585\/revisions\/12586"}],"wp:attachment":[{"href":"https:\/\/blogs.correiobraziliense.com.br\/servidor\/wp-json\/wp\/v2\/media?parent=12585"}],"wp:term":[{"taxonomy":"category","embeddable":true,"href":"https:\/\/blogs.correiobraziliense.com.br\/servidor\/wp-json\/wp\/v2\/categories?post=12585"},{"taxonomy":"post_tag","embeddable":true,"href":"https:\/\/blogs.correiobraziliense.com.br\/servidor\/wp-json\/wp\/v2\/tags?post=12585"}],"curies":[{"name":"wp","href":"https:\/\/api.w.org\/{rel}","templated":true}]}}