{"id":12571,"date":"2019-05-15T12:47:21","date_gmt":"2019-05-15T15:47:21","guid":{"rendered":"https:\/\/blogs.correiobraziliense.com.br\/servidor\/?p=12571"},"modified":"2019-05-15T12:47:21","modified_gmt":"2019-05-15T15:47:21","slug":"mec-aberto-ao-dialogo","status":"publish","type":"post","link":"https:\/\/blogs.correiobraziliense.com.br\/servidor\/mec-aberto-ao-dialogo\/","title":{"rendered":"MEC aberto ao di\u00e1logo"},"content":{"rendered":"<p><em>Por meio de nota, o Minist\u00e9rio da Educa\u00e7\u00e3o informa que se coloca \u00e0 disposi\u00e7\u00e3o para o debate das solu\u00e7\u00f5es que &#8220;garantam o bom andamento dos projetos e pesquisas em curso&#8221; e destaca que o &#8220;bloqueio preventivo realizado nos \u00faltimos dias atingiu 3,4% do or\u00e7amento total das universidades federais&#8221;<br \/>\n<\/em><\/p>\n<p>Veja a nota:<\/p>\n<p>&#8220;O MEC informa que est\u00e1 aberto ao di\u00e1logo com todas as institui\u00e7\u00f5es de Ensino para juntos buscarem o melhor caminho para o fortalecimento do ensino no pais. O ministro da Educa\u00e7\u00e3o, Abraham Weintraub, recebeu diversos reitores de Institutos Federais e Universidades desde que tomou posse no dia 9 de abril. A pasta se coloca \u00e0 disposi\u00e7\u00e3o para debater sobre solu\u00e7\u00f5es que garantam o bom andamento dos projetos e pesquisas em curso.<\/p>\n<p>Quanto ao bloqueio preventivo realizado nos \u00faltimos dias atingiu 3,4% do or\u00e7amento total das universidades federais. Importante frisar que o MEC, mesmo diante de um quadro de contingenciamento imposto pelo Decreto n\u00ba 9.741, de 28 de mar\u00e7o de 2019 e da Portaria n\u00ba 144, de 2 de maio de 2019, manteve os sal\u00e1rios de todos os professores e profissionais de ensino, assim como seus benef\u00edcios j\u00e1 adquiridos.<\/p>\n<p>Atenciosamente,<br \/>\nAssessoria de Comunica\u00e7\u00e3o Social<br \/>\nMinist\u00e9rio da Educa\u00e7\u00e3o&#8221;<\/p>\n","protected":false},"excerpt":{"rendered":"<p>Por meio de nota, o Minist\u00e9rio da Educa\u00e7\u00e3o informa que se coloca \u00e0 disposi\u00e7\u00e3o para o debate das solu\u00e7\u00f5es que &#8220;garantam o bom andamento dos projetos e pesquisas em curso&#8221; e destaca que o &#8220;bloqueio preventivo realizado nos \u00faltimos dias atingiu 3,4% do or\u00e7amento total das universidades federais&#8221; Veja a nota: &#8220;O MEC informa que est\u00e1 aberto ao di\u00e1logo com [&hellip;]<\/p>\n","protected":false},"author":27,"featured_media":0,"comment_status":"open","ping_status":"closed","sticky":false,"template":"","format":"standard","meta":{"footnotes":""},"categories":[2719],"tags":[2886,847,1133,392,5957,318,187,15241,1300,1360,15238],"class_list":["post-12571","post","type-post","status-publish","format-standard","hentry","category-servidor","tag-bloqueio","tag-debate","tag-dialogo","tag-mec","tag-ministerio-da-educacao","tag-orcamento","tag-pesquisa","tag-preventivo","tag-projetos","tag-solucoes","tag-universidades-federais"],"_links":{"self":[{"href":"https:\/\/blogs.correiobraziliense.com.br\/servidor\/wp-json\/wp\/v2\/posts\/12571","targetHints":{"allow":["GET"]}}],"collection":[{"href":"https:\/\/blogs.correiobraziliense.com.br\/servidor\/wp-json\/wp\/v2\/posts"}],"about":[{"href":"https:\/\/blogs.correiobraziliense.com.br\/servidor\/wp-json\/wp\/v2\/types\/post"}],"author":[{"embeddable":true,"href":"https:\/\/blogs.correiobraziliense.com.br\/servidor\/wp-json\/wp\/v2\/users\/27"}],"replies":[{"embeddable":true,"href":"https:\/\/blogs.correiobraziliense.com.br\/servidor\/wp-json\/wp\/v2\/comments?post=12571"}],"version-history":[{"count":1,"href":"https:\/\/blogs.correiobraziliense.com.br\/servidor\/wp-json\/wp\/v2\/posts\/12571\/revisions"}],"predecessor-version":[{"id":12572,"href":"https:\/\/blogs.correiobraziliense.com.br\/servidor\/wp-json\/wp\/v2\/posts\/12571\/revisions\/12572"}],"wp:attachment":[{"href":"https:\/\/blogs.correiobraziliense.com.br\/servidor\/wp-json\/wp\/v2\/media?parent=12571"}],"wp:term":[{"taxonomy":"category","embeddable":true,"href":"https:\/\/blogs.correiobraziliense.com.br\/servidor\/wp-json\/wp\/v2\/categories?post=12571"},{"taxonomy":"post_tag","embeddable":true,"href":"https:\/\/blogs.correiobraziliense.com.br\/servidor\/wp-json\/wp\/v2\/tags?post=12571"}],"curies":[{"name":"wp","href":"https:\/\/api.w.org\/{rel}","templated":true}]}}