{"id":12544,"date":"2019-05-14T11:20:00","date_gmt":"2019-05-14T14:20:00","guid":{"rendered":"https:\/\/blogs.correiobraziliense.com.br\/servidor\/?p=12544"},"modified":"2019-05-14T11:20:00","modified_gmt":"2019-05-14T14:20:00","slug":"camara-dos-deputados-ganha-secretaria-da-transparencia","status":"publish","type":"post","link":"https:\/\/blogs.correiobraziliense.com.br\/servidor\/camara-dos-deputados-ganha-secretaria-da-transparencia\/","title":{"rendered":"C\u00e2mara dos Deputados ganha Secretaria da Transpar\u00eancia"},"content":{"rendered":"<p>Iniciativa in\u00e9dita na Casa, Secretaria ser\u00e1 lan\u00e7ada em evento, na quarta-feira (15), no Sal\u00e3o Nobre, e ter\u00e1 como comandante o Roberto de Lucena (Podemos\/SP).<\/p>\n<p>Rec\u00e9m-criada pela C\u00e2mara dos Deputados, ap\u00f3s a aprova\u00e7\u00e3o do Projeto de Resolu\u00e7\u00e3o 50\/19, a Secretaria da Transpar\u00eancia ser\u00e1 lan\u00e7ada nesta quarta-feira, 15 de maio. E ter\u00e1 como secret\u00e1rio o deputado Roberto de Lucena (Podemos\/SP). Na ocasi\u00e3o, tamb\u00e9m ser\u00e1 celebrado o anivers\u00e1rio de 8 anos de cria\u00e7\u00e3o da Lei de Acesso \u00e0 Informa\u00e7\u00e3o (12.527\/11).<\/p>\n<p>A Secretaria da Transpar\u00eancia ter\u00e1 como fun\u00e7\u00e3o supervisionar o cumprimento da Lei de Acesso \u00e0 Informa\u00e7\u00e3o na C\u00e2mara, promover a cultura da transpar\u00eancia na Casa, nos demais Poderes e na sociedade civil, propor medidas de aprimoramento da legisla\u00e7\u00e3o, acesso \u00e0 informa\u00e7\u00e3o e controle social da administra\u00e7\u00e3o p\u00fablica. Promover\u00e1 ainda pesquisas e estudos para o uso da tecnologia de informa\u00e7\u00e3o em prol da transpar\u00eancia no Parlamento.<\/p>\n<p>\u201cO convite do presidente Maia, que muito me honrou, demonstra o reconhecimento ao nosso trabalho pela transpar\u00eancia na aplica\u00e7\u00e3o de recursos p\u00fablicos e no combate \u00e0 corrup\u00e7\u00e3o. Temos que continuar avan\u00e7ando em um di\u00e1logo permanente com a sociedade\u201c, destacou o deputado Lucena.<\/p>\n<p>A C\u00e2mara dos Deputados j\u00e1 \u00e9 uma refer\u00eancia nacional e internacional no quesito transpar\u00eancia e tamb\u00e9m oferece grande intera\u00e7\u00e3o com o p\u00fablico. \u00c9 poss\u00edvel acessar em seu portal dados como a quantidade de proposi\u00e7\u00f5es, a receita e despesa da Casa, o perfil dos parlamentares, entre outros.<\/p>\n<p>A Secretaria ter\u00e1 espa\u00e7o pr\u00f3prio na estrutura da Casa, pr\u00f3ximo \u00e0 Segunda Secretaria, no Edif\u00edcio Principal.<\/p>\n<p><strong>Perfil do secret\u00e1rio<\/strong><\/p>\n<p>Roberto de Lucena est\u00e1 em seu terceiro mandato na C\u00e2mara dos Deputados. Um dos parlamentares mais atuantes da bancada paulista, preside a Frente Parlamentar Mista de Combate \u00e0 Corrup\u00e7\u00e3o e a Frente Parlamentar Mista da Liberdade Religiosa, Refugiados e Ajuda Comunit\u00e1ria. pastor e conferencista, \u00e9 defensor da fam\u00edlia e dos idosos.<\/p>\n<p>Em 2015, integrou o governo de S\u00e3o Paulo como secret\u00e1rio de Turismo. Foi presidente da Comiss\u00e3o de Fiscaliza\u00e7\u00e3o Financeira e Controle (CFFC) e da Comiss\u00e3o de Defesa dos Direitos da Pessoa Idosa (Cidoso). Participou ativamente da CPI de Combate ao Trabalho Escravo.<\/p>\n<p>Atualmente, \u00e9 membro do Parlasul e integrante das Comiss\u00f5es de Educa\u00e7\u00e3o, Seguridade Social e Direitos Humanos.<\/p>\n<p><strong>Servi\u00e7o<\/strong><\/p>\n<p>Lan\u00e7amento da Secretaria de Transpar\u00eancia da C\u00e2mara<\/p>\n<p>Data: 15 de maio, Quarta-feira, \u00e0s 17h<\/p>\n<p>Local: Sal\u00e3o Nobre da C\u00e2mara dos Deputados<\/p>\n","protected":false},"excerpt":{"rendered":"<p>Iniciativa in\u00e9dita na Casa, Secretaria ser\u00e1 lan\u00e7ada em evento, na quarta-feira (15), no Sal\u00e3o Nobre, e ter\u00e1 como comandante o Roberto de Lucena (Podemos\/SP). Rec\u00e9m-criada pela C\u00e2mara dos Deputados, ap\u00f3s a aprova\u00e7\u00e3o do Projeto de Resolu\u00e7\u00e3o 50\/19, a Secretaria da Transpar\u00eancia ser\u00e1 lan\u00e7ada nesta quarta-feira, 15 de maio. E ter\u00e1 como secret\u00e1rio o deputado Roberto de Lucena (Podemos\/SP). Na ocasi\u00e3o, [&hellip;]<\/p>\n","protected":false},"author":27,"featured_media":0,"comment_status":"open","ping_status":"closed","sticky":false,"template":"","format":"standard","meta":{"footnotes":""},"categories":[2719],"tags":[1531,3994,1118,2684,6514,2092,4120,461,15226,351],"class_list":["post-12544","post","type-post","status-publish","format-standard","hentry","category-servidor","tag-camara-dos-deputados","tag-despesa","tag-informacao","tag-interacao","tag-lai","tag-legislacao","tag-parlamento","tag-receita","tag-secretaria-da-transparencia","tag-sociedade"],"_links":{"self":[{"href":"https:\/\/blogs.correiobraziliense.com.br\/servidor\/wp-json\/wp\/v2\/posts\/12544","targetHints":{"allow":["GET"]}}],"collection":[{"href":"https:\/\/blogs.correiobraziliense.com.br\/servidor\/wp-json\/wp\/v2\/posts"}],"about":[{"href":"https:\/\/blogs.correiobraziliense.com.br\/servidor\/wp-json\/wp\/v2\/types\/post"}],"author":[{"embeddable":true,"href":"https:\/\/blogs.correiobraziliense.com.br\/servidor\/wp-json\/wp\/v2\/users\/27"}],"replies":[{"embeddable":true,"href":"https:\/\/blogs.correiobraziliense.com.br\/servidor\/wp-json\/wp\/v2\/comments?post=12544"}],"version-history":[{"count":1,"href":"https:\/\/blogs.correiobraziliense.com.br\/servidor\/wp-json\/wp\/v2\/posts\/12544\/revisions"}],"predecessor-version":[{"id":12545,"href":"https:\/\/blogs.correiobraziliense.com.br\/servidor\/wp-json\/wp\/v2\/posts\/12544\/revisions\/12545"}],"wp:attachment":[{"href":"https:\/\/blogs.correiobraziliense.com.br\/servidor\/wp-json\/wp\/v2\/media?parent=12544"}],"wp:term":[{"taxonomy":"category","embeddable":true,"href":"https:\/\/blogs.correiobraziliense.com.br\/servidor\/wp-json\/wp\/v2\/categories?post=12544"},{"taxonomy":"post_tag","embeddable":true,"href":"https:\/\/blogs.correiobraziliense.com.br\/servidor\/wp-json\/wp\/v2\/tags?post=12544"}],"curies":[{"name":"wp","href":"https:\/\/api.w.org\/{rel}","templated":true}]}}