{"id":12542,"date":"2019-05-14T11:09:27","date_gmt":"2019-05-14T14:09:27","guid":{"rendered":"https:\/\/blogs.correiobraziliense.com.br\/servidor\/?p=12542"},"modified":"2019-05-14T11:09:27","modified_gmt":"2019-05-14T14:09:27","slug":"bolsonaro-anuncia-reducao-de-90-nas-normas-de-seguranca-no-trabalho","status":"publish","type":"post","link":"https:\/\/blogs.correiobraziliense.com.br\/servidor\/bolsonaro-anuncia-reducao-de-90-nas-normas-de-seguranca-no-trabalho\/","title":{"rendered":"Bolsonaro anuncia redu\u00e7\u00e3o de 90% nas normas de Seguran\u00e7a no Trabalho"},"content":{"rendered":"<p><em>A\u00e7\u00e3o seria supress\u00e3o de direitos, analisa especialista. &#8220;O Brasil tem normas pr\u00f3prias constitucionais que objetivam a preserva\u00e7\u00e3o e a valoriza\u00e7\u00e3o do trabalhador alinhadas com a Organiza\u00e7\u00e3o Internacional do Trabalho (OIT) e pela experi\u00eancia hist\u00f3rica que j\u00e1 tivemos, sabemos, hoje, que o liberalismo exacerbado em busca de maior produtividade n\u00e3o \u00e9 ben\u00e9fico e n\u00e3o dever\u00e1 aumentar a taxa de empregos como dito&#8221;, diz o advogado Igor Almeida Lima<\/em><\/p>\n<p>Nesta segunda-feira (13), o presidente Jair Bolsonaro destacou a inten\u00e7\u00e3o do governo de reduzir em 90% as Normas de Seguran\u00e7a do trabalho (NRs) sob a justificativa de &#8220;desburocratizar&#8221; o setor. Entre as normas a serem reavaliadas est\u00e1 a que trata da utiliza\u00e7\u00e3o de maquin\u00e1rios.<\/p>\n<p>Em sua conta do Twitter, foi publicado o seguinte: &#8220;Governo federal moderniza as normas de sa\u00fade, simplificando, desburocratizando, dando agilidade ao processo de utiliza\u00e7\u00e3o de maquin\u00e1rios, atendimento \u00e0 popula\u00e7\u00e3o e gera\u00e7\u00e3o de empregos&#8221;, juntamente com um trecho de uma nota publicada pelo Minist\u00e9rio da Economia sobre a &#8220;simplifica\u00e7\u00e3o&#8221; das normas.<\/p>\n<p>Segundo o especialista em Direito Trabalhista, do Lima &amp; Lima Advogados, Igor Almeida Lima, os termos propostos n\u00e3o divergem do que se tinha \u00e0 \u00e9poca da valida\u00e7\u00e3o da Reforma Trabalhista, que acabou por promover a supress\u00e3o de direitos do trabalhador.<\/p>\n<p>&#8220;O Brasil tem normas pr\u00f3prias constitucionais que objetivam a preserva\u00e7\u00e3o e a valoriza\u00e7\u00e3o do trabalhador alinhadas com a Organiza\u00e7\u00e3o Internacional do Trabalho (OIT) e pela experi\u00eancia hist\u00f3rica que j\u00e1 tivemos, sabemos, hoje, que o liberalismo exacerbado em busca de maior produtividade n\u00e3o \u00e9 ben\u00e9fico e n\u00e3o dever\u00e1 aumentar a taxa de empregos como dito&#8221;.<\/p>\n","protected":false},"excerpt":{"rendered":"<p>A\u00e7\u00e3o seria supress\u00e3o de direitos, analisa especialista. &#8220;O Brasil tem normas pr\u00f3prias constitucionais que objetivam a preserva\u00e7\u00e3o e a valoriza\u00e7\u00e3o do trabalhador alinhadas com a Organiza\u00e7\u00e3o Internacional do Trabalho (OIT) e pela experi\u00eancia hist\u00f3rica que j\u00e1 tivemos, sabemos, hoje, que o liberalismo exacerbado em busca de maior produtividade n\u00e3o \u00e9 ben\u00e9fico e n\u00e3o dever\u00e1 aumentar a taxa de empregos como [&hellip;]<\/p>\n","protected":false},"author":27,"featured_media":0,"comment_status":"open","ping_status":"closed","sticky":false,"template":"","format":"standard","meta":{"footnotes":""},"categories":[2719],"tags":[10377,619,2603,13649,15225,14564,15223,545,15224,1157,3894],"class_list":["post-12542","post","type-post","status-publish","format-standard","hentry","category-servidor","tag-desburocratizar","tag-direitos","tag-empregos","tag-jair-bolsonaro","tag-maquinarios","tag-minsiterio-da-economia","tag-normas-de-seguranca-do-trabalho","tag-populacao","tag-presidente-nr","tag-processo","tag-simplificacao"],"_links":{"self":[{"href":"https:\/\/blogs.correiobraziliense.com.br\/servidor\/wp-json\/wp\/v2\/posts\/12542","targetHints":{"allow":["GET"]}}],"collection":[{"href":"https:\/\/blogs.correiobraziliense.com.br\/servidor\/wp-json\/wp\/v2\/posts"}],"about":[{"href":"https:\/\/blogs.correiobraziliense.com.br\/servidor\/wp-json\/wp\/v2\/types\/post"}],"author":[{"embeddable":true,"href":"https:\/\/blogs.correiobraziliense.com.br\/servidor\/wp-json\/wp\/v2\/users\/27"}],"replies":[{"embeddable":true,"href":"https:\/\/blogs.correiobraziliense.com.br\/servidor\/wp-json\/wp\/v2\/comments?post=12542"}],"version-history":[{"count":1,"href":"https:\/\/blogs.correiobraziliense.com.br\/servidor\/wp-json\/wp\/v2\/posts\/12542\/revisions"}],"predecessor-version":[{"id":12543,"href":"https:\/\/blogs.correiobraziliense.com.br\/servidor\/wp-json\/wp\/v2\/posts\/12542\/revisions\/12543"}],"wp:attachment":[{"href":"https:\/\/blogs.correiobraziliense.com.br\/servidor\/wp-json\/wp\/v2\/media?parent=12542"}],"wp:term":[{"taxonomy":"category","embeddable":true,"href":"https:\/\/blogs.correiobraziliense.com.br\/servidor\/wp-json\/wp\/v2\/categories?post=12542"},{"taxonomy":"post_tag","embeddable":true,"href":"https:\/\/blogs.correiobraziliense.com.br\/servidor\/wp-json\/wp\/v2\/tags?post=12542"}],"curies":[{"name":"wp","href":"https:\/\/api.w.org\/{rel}","templated":true}]}}