{"id":12540,"date":"2019-05-13T19:56:46","date_gmt":"2019-05-13T22:56:46","guid":{"rendered":"https:\/\/blogs.correiobraziliense.com.br\/servidor\/?p=12540"},"modified":"2019-05-13T19:56:46","modified_gmt":"2019-05-13T22:56:46","slug":"tcu-quer-saber-como-estado-brasileiro-se-prepara-para-enfrentar-impactos-dos-avancos-tecnologicos-no-mundo-do-trabalho","status":"publish","type":"post","link":"https:\/\/blogs.correiobraziliense.com.br\/servidor\/tcu-quer-saber-como-estado-brasileiro-se-prepara-para-enfrentar-impactos-dos-avancos-tecnologicos-no-mundo-do-trabalho\/","title":{"rendered":"TCU quer saber como Estado brasileiro se prepara para enfrentar impactos dos avan\u00e7os tecnol\u00f3gicos no mundo do trabalho"},"content":{"rendered":"<p><em>O ministro Raimundo Carreiro apresentou proposta de fiscaliza\u00e7\u00e3o de controle com o objetivo de verificar como a Uni\u00e3o est\u00e1 se preparando para os impactos da transforma\u00e7\u00e3o digital no mundo do trabalho, especialmente em rela\u00e7\u00e3o \u00e0 capacita\u00e7\u00e3o do cidad\u00e3o. Medida inclui MEC, Ifes e Sistema S<\/em><\/p>\n<p>Durante a auditoria, ser\u00e3o avaliadas as orienta\u00e7\u00f5es do Minist\u00e9rio da Educa\u00e7\u00e3o e os planejamentos das Institui\u00e7\u00f5es Federais de Ensino Superior (Ifes) em rela\u00e7\u00e3o \u00e0 cria\u00e7\u00e3o de novos cursos na \u00e1rea digital ou no aperfei\u00e7oamento dos existentes. E, tamb\u00e9m, a atua\u00e7\u00e3o do sistema S, que cumpre papel importante no preparo do profissional para o mundo do trabalho.<\/p>\n","protected":false},"excerpt":{"rendered":"<p>O ministro Raimundo Carreiro apresentou proposta de fiscaliza\u00e7\u00e3o de controle com o objetivo de verificar como a Uni\u00e3o est\u00e1 se preparando para os impactos da transforma\u00e7\u00e3o digital no mundo do trabalho, especialmente em rela\u00e7\u00e3o \u00e0 capacita\u00e7\u00e3o do cidad\u00e3o. Medida inclui MEC, Ifes e Sistema S Durante a auditoria, ser\u00e3o avaliadas as orienta\u00e7\u00f5es do Minist\u00e9rio da Educa\u00e7\u00e3o e os planejamentos das [&hellip;]<\/p>\n","protected":false},"author":27,"featured_media":0,"comment_status":"open","ping_status":"closed","sticky":false,"template":"","format":"standard","meta":{"footnotes":""},"categories":[2719],"tags":[5175,3866,1316,207,87,15221,56,6015,4523,392,15220,15222,635,6353,330],"class_list":["post-12540","post","type-post","status-publish","format-standard","hentry","category-servidor","tag-avancos","tag-capacitacao","tag-cidadao","tag-controle","tag-digital","tag-discalizacao","tag-estado","tag-ifes","tag-impactos","tag-mec","tag-mundo-do-trabalho","tag-sistema-s","tag-tcu","tag-tecnologicos","tag-uniao"],"_links":{"self":[{"href":"https:\/\/blogs.correiobraziliense.com.br\/servidor\/wp-json\/wp\/v2\/posts\/12540","targetHints":{"allow":["GET"]}}],"collection":[{"href":"https:\/\/blogs.correiobraziliense.com.br\/servidor\/wp-json\/wp\/v2\/posts"}],"about":[{"href":"https:\/\/blogs.correiobraziliense.com.br\/servidor\/wp-json\/wp\/v2\/types\/post"}],"author":[{"embeddable":true,"href":"https:\/\/blogs.correiobraziliense.com.br\/servidor\/wp-json\/wp\/v2\/users\/27"}],"replies":[{"embeddable":true,"href":"https:\/\/blogs.correiobraziliense.com.br\/servidor\/wp-json\/wp\/v2\/comments?post=12540"}],"version-history":[{"count":1,"href":"https:\/\/blogs.correiobraziliense.com.br\/servidor\/wp-json\/wp\/v2\/posts\/12540\/revisions"}],"predecessor-version":[{"id":12541,"href":"https:\/\/blogs.correiobraziliense.com.br\/servidor\/wp-json\/wp\/v2\/posts\/12540\/revisions\/12541"}],"wp:attachment":[{"href":"https:\/\/blogs.correiobraziliense.com.br\/servidor\/wp-json\/wp\/v2\/media?parent=12540"}],"wp:term":[{"taxonomy":"category","embeddable":true,"href":"https:\/\/blogs.correiobraziliense.com.br\/servidor\/wp-json\/wp\/v2\/categories?post=12540"},{"taxonomy":"post_tag","embeddable":true,"href":"https:\/\/blogs.correiobraziliense.com.br\/servidor\/wp-json\/wp\/v2\/tags?post=12540"}],"curies":[{"name":"wp","href":"https:\/\/api.w.org\/{rel}","templated":true}]}}