{"id":12535,"date":"2019-05-13T16:53:49","date_gmt":"2019-05-13T19:53:49","guid":{"rendered":"https:\/\/blogs.correiobraziliense.com.br\/servidor\/?p=12535"},"modified":"2019-05-13T16:54:46","modified_gmt":"2019-05-13T19:54:46","slug":"pilotos-e-comissarios-da-avianca-entram-em-greve-a-partir-de-17-de-maio","status":"publish","type":"post","link":"https:\/\/blogs.correiobraziliense.com.br\/servidor\/pilotos-e-comissarios-da-avianca-entram-em-greve-a-partir-de-17-de-maio\/","title":{"rendered":"Pilotos e comiss\u00e1rios da Avianca entram em greve a partir de 17 de maio"},"content":{"rendered":"<p><em>Nesta segunda-feira, a Avian\u00e7a come\u00e7ou a demitir centenas de tripulantes &#8211; pilotos e comiss\u00e1rios. O Sindicato Nacional dos Aeronautas (SNA) informa \u00e0 sociedade que, em assembleia hoje (13), em S\u00e3o Paulo, pilotos e comiss\u00e1rios de voo da Avianca Brasil decidiram, em nome da seguran\u00e7a de voo, exercer o direito de greve e paralisar as atividades a\u00e9reas da companhia nos aeroportos de Santos Dumont (Rio de Janeiro) e Congonhas (S\u00e3o Paulo) a partir do dia 17 de maio, \u00e0s 6h<\/em><\/p>\n<p>A paralisa\u00e7\u00e3o permanecer\u00e1 por tempo indeterminado \u2014at\u00e9 que haja uma resposta satisfat\u00f3ria por parte da Avianca para as reivindica\u00e7\u00f5es,, destaca o SNA.\u00a0A categoria ressalta que a decis\u00e3o pela greve foi tomada como medida extrema e como um \u00faltimo recurso para garantir a seguran\u00e7a de voo de todos, j\u00e1 que \u00e9 responsabilidade dos tripulantes o transporte de vidas em seguran\u00e7a.<\/p>\n<p>&#8220;O clima de incerteza na companhia vem se intensificando diante da recupera\u00e7\u00e3o judicial e a situa\u00e7\u00e3o para pilotos e comiss\u00e1rios tornou-se insustent\u00e1vel com os seguidos atrasos no pagamento de sal\u00e1rios e outras verbas como di\u00e1rias, vale alimenta\u00e7\u00e3o, f\u00e9rias atrasadas e dep\u00f3sitos de FGTS&#8221;, destaca a nota do SNA.<\/p>\n<p>&#8220;Destacamos ainda que nesta segunda-feira a Avianca iniciou um processo de redu\u00e7\u00e3o de for\u00e7a de trabalho de seus tripulantes, com a convoca\u00e7\u00e3o para demiss\u00e3o de centenas de pilotos e comiss\u00e1rios&#8221;, noticia.<\/p>\n<p>\u201cLamentamos ter que tomar uma atitude dr\u00e1stica, mas a categoria n\u00e3o pode ficar nesta situa\u00e7\u00e3o, j\u00e1 que isso afeta a seguran\u00e7a de voo. N\u00f3s contamos com o bom senso da Avianca para que transtornos sejam evitados\u201d, afirma o presidente do Sindicato Nacional dos Aeronautas, comandante Ondino Dutra.<\/p>\n","protected":false},"excerpt":{"rendered":"<p>Nesta segunda-feira, a Avian\u00e7a come\u00e7ou a demitir centenas de tripulantes &#8211; pilotos e comiss\u00e1rios. O Sindicato Nacional dos Aeronautas (SNA) informa \u00e0 sociedade que, em assembleia hoje (13), em S\u00e3o Paulo, pilotos e comiss\u00e1rios de voo da Avianca Brasil decidiram, em nome da seguran\u00e7a de voo, exercer o direito de greve e paralisar as atividades a\u00e9reas da companhia nos aeroportos [&hellip;]<\/p>\n","protected":false},"author":27,"featured_media":0,"comment_status":"open","ping_status":"closed","sticky":false,"template":"","format":"standard","meta":{"footnotes":""},"categories":[2719],"tags":[603,15218,517,676,1017,15,506,516,689,754,5142,1673,208,5872,6159,4885],"class_list":["post-12535","post","type-post","status-publish","format-standard","hentry","category-servidor","tag-aeroportos","tag-avianca","tag-comissarios","tag-congonhas","tag-demissao","tag-greve","tag-paralisacao","tag-pilotos","tag-reivindicacoes","tag-rio-de-janeiro","tag-santos-dumont","tag-sao-paulo","tag-seguranca","tag-sna","tag-tripulantes","tag-voo"],"_links":{"self":[{"href":"https:\/\/blogs.correiobraziliense.com.br\/servidor\/wp-json\/wp\/v2\/posts\/12535","targetHints":{"allow":["GET"]}}],"collection":[{"href":"https:\/\/blogs.correiobraziliense.com.br\/servidor\/wp-json\/wp\/v2\/posts"}],"about":[{"href":"https:\/\/blogs.correiobraziliense.com.br\/servidor\/wp-json\/wp\/v2\/types\/post"}],"author":[{"embeddable":true,"href":"https:\/\/blogs.correiobraziliense.com.br\/servidor\/wp-json\/wp\/v2\/users\/27"}],"replies":[{"embeddable":true,"href":"https:\/\/blogs.correiobraziliense.com.br\/servidor\/wp-json\/wp\/v2\/comments?post=12535"}],"version-history":[{"count":2,"href":"https:\/\/blogs.correiobraziliense.com.br\/servidor\/wp-json\/wp\/v2\/posts\/12535\/revisions"}],"predecessor-version":[{"id":12537,"href":"https:\/\/blogs.correiobraziliense.com.br\/servidor\/wp-json\/wp\/v2\/posts\/12535\/revisions\/12537"}],"wp:attachment":[{"href":"https:\/\/blogs.correiobraziliense.com.br\/servidor\/wp-json\/wp\/v2\/media?parent=12535"}],"wp:term":[{"taxonomy":"category","embeddable":true,"href":"https:\/\/blogs.correiobraziliense.com.br\/servidor\/wp-json\/wp\/v2\/categories?post=12535"},{"taxonomy":"post_tag","embeddable":true,"href":"https:\/\/blogs.correiobraziliense.com.br\/servidor\/wp-json\/wp\/v2\/tags?post=12535"}],"curies":[{"name":"wp","href":"https:\/\/api.w.org\/{rel}","templated":true}]}}