{"id":1253,"date":"2016-03-11T19:15:00","date_gmt":"2016-03-11T22:15:00","guid":{"rendered":"https:\/\/blogs.correiobraziliense.com.br\/servidor\/?p=1253"},"modified":"2016-03-11T19:15:21","modified_gmt":"2016-03-11T22:15:21","slug":"novo-codigo-de-processo-civil-comparado","status":"publish","type":"post","link":"https:\/\/blogs.correiobraziliense.com.br\/servidor\/novo-codigo-de-processo-civil-comparado\/","title":{"rendered":"NOVO C\u00d3DIGO DE PROCESSO CIVIL COMPARADO"},"content":{"rendered":"<p><em>Lan\u00e7ado na v\u00e9spera do in\u00edcio de vig\u00eancia do C\u00f3digo de Processo Civil aprovado pela lei n\u00ba 13.105, de 16 de mar\u00e7o de 2015, o livro intitulado como o Novo C\u00f3digo de Processo Civil Comparado pontua as altera\u00e7\u00f5es do texto quando confrontado com o CPC anterior, de 1973.<\/em><\/p>\n<p>&nbsp;<\/p>\n<p>Organizado para consulta intuitiva com acesso simples, f\u00e1cil e pr\u00e1tico, de maneira did\u00e1tica o livro demonstra as mudan\u00e7as propostas pela nova lei, destacando artigo por artigo; par\u00e1grafo por par\u00e1grafo; inciso por inciso; al\u00ednea por al\u00ednea, para que o p\u00fablico \u2013 profissionais e estudantes da \u00e1rea de Direito \u2013 possa estar bem informado sobre os pontos relevantes das novas normas jur\u00eddicas que ser\u00e3o aplicadas.<\/p>\n<p>Os autores destacam a urg\u00eancia do exame e a compara\u00e7\u00e3o entre as reda\u00e7\u00f5es de 2015 e de 1973, respectivamente a reda\u00e7\u00e3o que surge e a que desaparece, sem perda dos conhecimentos acumulados por mais de quarenta anos por advogados, estudantes de direito, ju\u00edzes, promotores, defensores p\u00fablicos, auxiliares judiciais e a comunidade.<\/p>\n<p>A consulta aos textos, facilitada por instrumentos que destacam as inova\u00e7\u00f5es e as supress\u00f5es, evidencia os avan\u00e7os pretendidos com a reforma e auxilia o leitor na compreens\u00e3o dos pontos novos, dos que sofreram altera\u00e7\u00e3o ou dos que foram definitivamente suprimidos.<\/p>\n<p>Essa obra foi coordenada por Jefferson Car\u00fas Guedes, Felipe Camilo Dall\u2019Alba e Mauro Luciano Hauschild e organizada por Daniela Barbosa de Lima e Carina Lentz Dutra. O livro \u00e9 uma publica\u00e7\u00e3o da Pactum Editora, de Bras\u00edlia, em vers\u00f5es digitais, em PDF, e-pub e vers\u00e3o impressa<\/p>\n<p>O QUE: Lan\u00e7amento do livro Novo C\u00f3digo de Processo Civil Comparado<\/p>\n<p>QUANDO: Dia 15 de mar\u00e7o (ter\u00e7a-feira)<\/p>\n<p>ONDE: Restaurante Carpe Diem, CLS 104, bloco D, loja 01 \u2013 Asa Sul, Bras\u00edlia &#8211; DF<\/p>\n<p>HOR\u00c1RIO: 18h30<\/p>\n","protected":false},"excerpt":{"rendered":"<p>Lan\u00e7ado na v\u00e9spera do in\u00edcio de vig\u00eancia do C\u00f3digo de Processo Civil aprovado pela lei n\u00ba 13.105, de 16 de mar\u00e7o de 2015, o livro intitulado como o Novo C\u00f3digo de Processo Civil Comparado pontua as altera\u00e7\u00f5es do texto quando confrontado com o CPC anterior, de 1973. &nbsp; Organizado para consulta intuitiva com acesso simples, f\u00e1cil e pr\u00e1tico, de maneira [&hellip;]<\/p>\n","protected":false},"author":27,"featured_media":0,"comment_status":"open","ping_status":"closed","sticky":false,"template":"","format":"standard","meta":{"footnotes":""},"categories":[1],"tags":[1321,1319,1318,1320,1317,1079,924,1157,1322],"class_list":["post-1253","post","type-post","status-publish","format-standard","hentry","category-sem-categoria","tag-alteracoes","tag-civil","tag-codigo","tag-comparado","tag-lancamento","tag-livro","tag-novo","tag-processo","tag-texto"],"_links":{"self":[{"href":"https:\/\/blogs.correiobraziliense.com.br\/servidor\/wp-json\/wp\/v2\/posts\/1253","targetHints":{"allow":["GET"]}}],"collection":[{"href":"https:\/\/blogs.correiobraziliense.com.br\/servidor\/wp-json\/wp\/v2\/posts"}],"about":[{"href":"https:\/\/blogs.correiobraziliense.com.br\/servidor\/wp-json\/wp\/v2\/types\/post"}],"author":[{"embeddable":true,"href":"https:\/\/blogs.correiobraziliense.com.br\/servidor\/wp-json\/wp\/v2\/users\/27"}],"replies":[{"embeddable":true,"href":"https:\/\/blogs.correiobraziliense.com.br\/servidor\/wp-json\/wp\/v2\/comments?post=1253"}],"version-history":[{"count":2,"href":"https:\/\/blogs.correiobraziliense.com.br\/servidor\/wp-json\/wp\/v2\/posts\/1253\/revisions"}],"predecessor-version":[{"id":1255,"href":"https:\/\/blogs.correiobraziliense.com.br\/servidor\/wp-json\/wp\/v2\/posts\/1253\/revisions\/1255"}],"wp:attachment":[{"href":"https:\/\/blogs.correiobraziliense.com.br\/servidor\/wp-json\/wp\/v2\/media?parent=1253"}],"wp:term":[{"taxonomy":"category","embeddable":true,"href":"https:\/\/blogs.correiobraziliense.com.br\/servidor\/wp-json\/wp\/v2\/categories?post=1253"},{"taxonomy":"post_tag","embeddable":true,"href":"https:\/\/blogs.correiobraziliense.com.br\/servidor\/wp-json\/wp\/v2\/tags?post=1253"}],"curies":[{"name":"wp","href":"https:\/\/api.w.org\/{rel}","templated":true}]}}