{"id":12526,"date":"2019-05-13T16:08:07","date_gmt":"2019-05-13T19:08:07","guid":{"rendered":"https:\/\/blogs.correiobraziliense.com.br\/servidor\/?p=12526"},"modified":"2019-05-13T16:43:19","modified_gmt":"2019-05-13T19:43:19","slug":"policiais-parte-da-categoria-que-votou-em-massa-em-jair-bolsonaro-ja-comeca-a-chamar-o-presidente-de-traidor","status":"publish","type":"post","link":"https:\/\/blogs.correiobraziliense.com.br\/servidor\/policiais-parte-da-categoria-que-votou-em-massa-em-jair-bolsonaro-ja-comeca-a-chamar-o-presidente-de-traidor\/","title":{"rendered":"Policiais: parte da categoria, que votou em massa em Bolsonaro, come\u00e7a a chamar o presidente de &#8220;traidor&#8221;"},"content":{"rendered":"<p><em>Com uma manifesta\u00e7\u00e3o preparada para o pr\u00f3ximo dia 21, em todo o pa\u00eds, agentes de seguran\u00e7a come\u00e7am a demonstrar arrependimento pelo voto que depositaram na urna nas elei\u00e7\u00f5es de 2018, como ficou claro nas falas de participantes de encontro, nesta segunda-feira (13\/5), na\u00a0Uni\u00e3o dos Policiais do Brasil (UPB), frente que representa 28 entidades do setor.<\/em><\/p>\n<p>O voto em massa contra o projeto petista, diz um dos presentes, que n\u00e3o quis se identificar, ocorreu porque &#8220;havia confian\u00e7a de que tanto o presidente iria cumprir a promessa de privilegiar a seguran\u00e7a p\u00fablica, quanto o ministro da Justi\u00e7a, S\u00e9rgio Moro, defenderia essa causa&#8221;. Mas o governo, de acordo com o informante, que n\u00e3o quis se identificar, &#8220;traiu a classe, enganou a todos e finge que nada aconteceu&#8221;, indigna-se.<\/p>\n<p>Eles, que acharam que seriam poupados na reforma da Previd\u00eancia, agora correm atr\u00e1s do preju\u00edzo. Entre as reivindica\u00e7\u00f5es dos policiais est\u00e3o: manuten\u00e7\u00e3o da atividade de risco, pens\u00e3o integral por morte, regras de transi\u00e7\u00e3o justas, idade m\u00ednima de aposentadoria diferenciada para homens e mulheres e integralidade e paridade dos vencimentos na aposentadoria, como foi acertado com as For\u00e7as Armadas.<\/p>\n<p>De acordo com a fonte, ap\u00f3s as \u00faltimas declara\u00e7\u00f5es pelas redes sociais do presidente Jair Bolsonaro, ficou claro que, por tr\u00e1s de prop\u00f3sitos n\u00e3o declarados tinha uma vaga de ministro no Supremo Tribunal Federal (STF). &#8220;S\u00f3 queriam isso. J\u00e1 estava combinado. Evidentemente, ningu\u00e9m est\u00e1 se importando de verdade com o bem-estar da popula\u00e7\u00e3o e do servidor, infelizmente&#8221;, assinalou outro policial.<\/p>\n<p>A Uni\u00e3o dos Policiais do Brasil (UPB) representa 28 das principais entidades do setor no pa\u00eds, incluindo delegados, peritos criminais, agentes, papiloscopistas, escriv\u00e3es, guardas municipais e de tr\u00e2nsito e policiais federais, rodovi\u00e1rios federais e legislativos, agentes penitenci\u00e1rios e socioeducativos. Ao todo, s\u00e3o mais de 500 mil profissionais. A eles dever\u00e3o se juntar aos policiais civis de todo o pa\u00eds, ou seja, mais 120 mil pessoas.<\/p>\n<p>&nbsp;<\/p>\n","protected":false},"excerpt":{"rendered":"<p>Com uma manifesta\u00e7\u00e3o preparada para o pr\u00f3ximo dia 21, em todo o pa\u00eds, agentes de seguran\u00e7a come\u00e7am a demonstrar arrependimento pelo voto que depositaram na urna nas elei\u00e7\u00f5es de 2018, como ficou claro nas falas de participantes de encontro, nesta segunda-feira (13\/5), na\u00a0Uni\u00e3o dos Policiais do Brasil (UPB), frente que representa 28 entidades do setor. O voto em massa contra [&hellip;]<\/p>\n","protected":false},"author":27,"featured_media":12533,"comment_status":"open","ping_status":"closed","sticky":false,"template":"","format":"standard","meta":{"footnotes":""},"categories":[2719],"tags":[15217,6,7730,379,2021,3096,4647,13649,1098,1505,110,5166,101,9727,30,2926,7117],"class_list":["post-12526","post","type-post","status-publish","format-standard","has-post-thumbnail","hentry","category-servidor","tag-agentes-de-seguranca","tag-aposentadoria","tag-arrependimento","tag-categoria","tag-eleicoes","tag-forcas-armadas","tag-integralidade","tag-jair-bolsonaro","tag-ministro-da-justica","tag-paridade","tag-policiais","tag-presidente-da-republica","tag-projeto","tag-reforma-da-previdencia","tag-salarios","tag-vencimentos","tag-voto"],"_links":{"self":[{"href":"https:\/\/blogs.correiobraziliense.com.br\/servidor\/wp-json\/wp\/v2\/posts\/12526","targetHints":{"allow":["GET"]}}],"collection":[{"href":"https:\/\/blogs.correiobraziliense.com.br\/servidor\/wp-json\/wp\/v2\/posts"}],"about":[{"href":"https:\/\/blogs.correiobraziliense.com.br\/servidor\/wp-json\/wp\/v2\/types\/post"}],"author":[{"embeddable":true,"href":"https:\/\/blogs.correiobraziliense.com.br\/servidor\/wp-json\/wp\/v2\/users\/27"}],"replies":[{"embeddable":true,"href":"https:\/\/blogs.correiobraziliense.com.br\/servidor\/wp-json\/wp\/v2\/comments?post=12526"}],"version-history":[{"count":3,"href":"https:\/\/blogs.correiobraziliense.com.br\/servidor\/wp-json\/wp\/v2\/posts\/12526\/revisions"}],"predecessor-version":[{"id":12534,"href":"https:\/\/blogs.correiobraziliense.com.br\/servidor\/wp-json\/wp\/v2\/posts\/12526\/revisions\/12534"}],"wp:featuredmedia":[{"embeddable":true,"href":"https:\/\/blogs.correiobraziliense.com.br\/servidor\/wp-json\/wp\/v2\/media\/12533"}],"wp:attachment":[{"href":"https:\/\/blogs.correiobraziliense.com.br\/servidor\/wp-json\/wp\/v2\/media?parent=12526"}],"wp:term":[{"taxonomy":"category","embeddable":true,"href":"https:\/\/blogs.correiobraziliense.com.br\/servidor\/wp-json\/wp\/v2\/categories?post=12526"},{"taxonomy":"post_tag","embeddable":true,"href":"https:\/\/blogs.correiobraziliense.com.br\/servidor\/wp-json\/wp\/v2\/tags?post=12526"}],"curies":[{"name":"wp","href":"https:\/\/api.w.org\/{rel}","templated":true}]}}