{"id":12520,"date":"2019-05-13T12:49:07","date_gmt":"2019-05-13T15:49:07","guid":{"rendered":"https:\/\/blogs.correiobraziliense.com.br\/servidor\/?p=12520"},"modified":"2019-05-13T12:49:43","modified_gmt":"2019-05-13T15:49:43","slug":"insper-marcos-lisboa-e-samuel-pessoa-lancam-o-livro-o-valor-das-ideias-debate-em-tempos-turbulentos","status":"publish","type":"post","link":"https:\/\/blogs.correiobraziliense.com.br\/servidor\/insper-marcos-lisboa-e-samuel-pessoa-lancam-o-livro-o-valor-das-ideias-debate-em-tempos-turbulentos\/","title":{"rendered":"Insper &#8211; Marcos Lisboa e Samuel Pess\u00f4a lan\u00e7am o livro &#8220;O valor das ideias: Debate em tempos turbulentos&#8221;"},"content":{"rendered":"<p><em>Amanh\u00e3 (14\/05), os economistas do Instituto de Ensino Pesquisa (Insper), Marcos Lisboa, e da Funda\u00e7\u00e3o Getulio Vargas (FGV), Samuel Pess\u00f4a, lan\u00e7am o livro &#8220;O Valor das ideias: Debate em tempos turbulentos&#8221;. O debate ter\u00e1 a participa\u00e7\u00e3o de Fernando Haddad (Insper) e do professor e ex-ministro da Educa\u00e7\u00e3o Renato Janine Ribeiro, como mediador.\u00a0A obra publicada pela Companhia das Letras, muito mais do que esmiu\u00e7ar as diferen\u00e7as entre direita versus esquerda ou desenvolvimentismo versus liberalismo econ\u00f4mico, entabula um debate respeitoso em tempos de polariza\u00e7\u00e3o<\/em><\/p>\n<p><img loading=\"lazy\" decoding=\"async\" class=\"alignright size-full wp-image-12521\" src=\"https:\/\/blogs.correiobraziliense.com.br\/servidor\/wp-content\/uploads\/sites\/10\/2019\/05\/insper.png\" alt=\"\" width=\"600\" height=\"232\" srcset=\"https:\/\/blogs.correiobraziliense.com.br\/servidor\/wp-content\/uploads\/sites\/10\/2019\/05\/insper.png 600w, https:\/\/blogs.correiobraziliense.com.br\/servidor\/wp-content\/uploads\/sites\/10\/2019\/05\/insper-300x116.png 300w, https:\/\/blogs.correiobraziliense.com.br\/servidor\/wp-content\/uploads\/sites\/10\/2019\/05\/insper-350x135.png 350w, https:\/\/blogs.correiobraziliense.com.br\/servidor\/wp-content\/uploads\/sites\/10\/2019\/05\/insper-550x213.png 550w, https:\/\/blogs.correiobraziliense.com.br\/servidor\/wp-content\/uploads\/sites\/10\/2019\/05\/insper-230x89.png 230w\" sizes=\"auto, (max-width: 600px) 100vw, 600px\" \/><\/p>\n<p><strong>O valor das ideias: Debate em tempos turbulentos<\/strong><\/p>\n<p>Em um prol\u00edfico di\u00e1logo com outros intelectuais na imprensa brasileira, tratando de temas incontorn\u00e1veis de nossa agenda pol\u00edtica e econ\u00f4mica, os economistas Marcos Lisboa (Insper) e Samuel Pess\u00f4a (FGV) lan\u00e7am o livro O valor das ideias: Debate em tempos turbulentos. A obra reconstitui quatro dessas conversas e oferece ao leitor uma discuss\u00e3o plural e de alto n\u00edvel sobre os rumos da pol\u00edtica nacional, o balan\u00e7o dos mandatos PT e PSDB, a crise da democracia e as controv\u00e9rsias das escolas econ\u00f4micas que regeram os \u00faltimos governos.<\/p>\n<p>O debate que marca o lan\u00e7amento de O valor das ideias: Debate em tempos turbulentos contar\u00e1 com a participa\u00e7\u00e3o de Fernando Haddad (Insper) e do professor e ex-ministro da Educa\u00e7\u00e3o Renato Janine Ribeiro, como mediador. A obra publicada pela Companhia das Letras, muito mais do que esmiu\u00e7ar as diferen\u00e7as entre direita versus esquerda ou desenvolvimentismo versus liberalismo econ\u00f4mico, \u00e9 um exemplo singular de debate respeitoso em tempos de polariza\u00e7\u00e3o.<\/p>\n<p><strong>Lan\u00e7amento<\/strong><br \/>\nData: 14\/05\/2019<\/p>\n<p>Hor\u00e1rio: 18h30<\/p>\n<p>Local: Audit\u00f3rio Steffi e Max Perlman \u2013 Insper<\/p>\n<p>Entrada: Rua Uberabinha, s\/n \u2013 Vila Ol\u00edmpia<\/p>\n<p>Estacionamento: Rua Uberabinha, s\/n \u2013 Vila Ol\u00edmpia<\/p>\n<p><strong>Programa\u00e7\u00e3o<\/strong><br \/>\n18h30 &#8211; Recep\u00e7\u00e3o<br \/>\n19h &#8211; Abertura (Insper)<br \/>\n19h10 &#8211; O Valor das Ideias | Marcos Lisboa (Insper), Samuel Pessoa (IBRE\/FGV) e Fernando Haddad (Insper)<\/p>\n<p>Media\u00e7\u00e3o: Renato Janine Ribeiro (USP)<br \/>\n20h30 -Sess\u00e3o de aut\u00f3grafos<br \/>\n21h &#8211; Encerramento<\/p>\n","protected":false},"excerpt":{"rendered":"<p>Amanh\u00e3 (14\/05), os economistas do Instituto de Ensino Pesquisa (Insper), Marcos Lisboa, e da Funda\u00e7\u00e3o Getulio Vargas (FGV), Samuel Pess\u00f4a, lan\u00e7am o livro &#8220;O Valor das ideias: Debate em tempos turbulentos&#8221;. O debate ter\u00e1 a participa\u00e7\u00e3o de Fernando Haddad (Insper) e do professor e ex-ministro da Educa\u00e7\u00e3o Renato Janine Ribeiro, como mediador.\u00a0A obra publicada pela Companhia das Letras, muito mais [&hellip;]<\/p>\n","protected":false},"author":27,"featured_media":0,"comment_status":"open","ping_status":"closed","sticky":false,"template":"","format":"standard","meta":{"footnotes":""},"categories":[2719],"tags":[15214,12124,1941,15211,12123,13781,2726,10001,1317,14297,1079,15212,15215,4173,3752,15213],"class_list":["post-12520","post","type-post","status-publish","format-standard","hentry","category-servidor","tag-desnvolvimentismo","tag-direita","tag-economistas","tag-escolas-economicas","tag-esquerda","tag-fernando-haddad","tag-fgv","tag-insper","tag-lancamento","tag-liberalismo","tag-livro","tag-marcos-lisboa","tag-polarizacao","tag-psdb","tag-pt","tag-samuel-pessoa"],"_links":{"self":[{"href":"https:\/\/blogs.correiobraziliense.com.br\/servidor\/wp-json\/wp\/v2\/posts\/12520","targetHints":{"allow":["GET"]}}],"collection":[{"href":"https:\/\/blogs.correiobraziliense.com.br\/servidor\/wp-json\/wp\/v2\/posts"}],"about":[{"href":"https:\/\/blogs.correiobraziliense.com.br\/servidor\/wp-json\/wp\/v2\/types\/post"}],"author":[{"embeddable":true,"href":"https:\/\/blogs.correiobraziliense.com.br\/servidor\/wp-json\/wp\/v2\/users\/27"}],"replies":[{"embeddable":true,"href":"https:\/\/blogs.correiobraziliense.com.br\/servidor\/wp-json\/wp\/v2\/comments?post=12520"}],"version-history":[{"count":2,"href":"https:\/\/blogs.correiobraziliense.com.br\/servidor\/wp-json\/wp\/v2\/posts\/12520\/revisions"}],"predecessor-version":[{"id":12523,"href":"https:\/\/blogs.correiobraziliense.com.br\/servidor\/wp-json\/wp\/v2\/posts\/12520\/revisions\/12523"}],"wp:attachment":[{"href":"https:\/\/blogs.correiobraziliense.com.br\/servidor\/wp-json\/wp\/v2\/media?parent=12520"}],"wp:term":[{"taxonomy":"category","embeddable":true,"href":"https:\/\/blogs.correiobraziliense.com.br\/servidor\/wp-json\/wp\/v2\/categories?post=12520"},{"taxonomy":"post_tag","embeddable":true,"href":"https:\/\/blogs.correiobraziliense.com.br\/servidor\/wp-json\/wp\/v2\/tags?post=12520"}],"curies":[{"name":"wp","href":"https:\/\/api.w.org\/{rel}","templated":true}]}}