{"id":12508,"date":"2019-05-10T18:59:39","date_gmt":"2019-05-10T21:59:39","guid":{"rendered":"https:\/\/blogs.correiobraziliense.com.br\/servidor\/?p=12508"},"modified":"2019-05-10T18:59:39","modified_gmt":"2019-05-10T21:59:39","slug":"assibge-sn-interventor-assume-a-diretoria-de-pesquisas-propondo-mais-cortes-do-questionario-do-censo","status":"publish","type":"post","link":"https:\/\/blogs.correiobraziliense.com.br\/servidor\/assibge-sn-interventor-assume-a-diretoria-de-pesquisas-propondo-mais-cortes-do-questionario-do-censo\/","title":{"rendered":"AssIBGE-SN &#8211; Interventor assume a Diretoria de Pesquisas propondo mais cortes do question\u00e1rio do Censo"},"content":{"rendered":"<p><em>Por meio de nota, a Associa\u00e7\u00e3o Nacional dos Funcion\u00e1rios do IBGE (AssIBGE-SN) denuncia que a situa\u00e7\u00e3o dentro do \u00f3rg\u00e3o piorou com a chegada do novo diretor de pesquisas, Eduardo Rios-Neto. &#8220;Rios-Neto desconsiderou completamente a discuss\u00e3o anterior, e quer mexer inclusive no question\u00e1rio b\u00e1sico. S\u00e3o apresentadas propostas m\u00e1gicas como \u201ccenso misto\u201d, ou um formato novo de coleta de question\u00e1rio pela internet&#8221;, destaca o documento<\/em><\/p>\n<p>Veja a nota:<\/p>\n<p>&#8220;O novo diretor de pesquisas, Eduardo Rios-Neto, se reuniu com t\u00e9cnicos na tarde de quinta-feira, 9 de maio. Nessa reuni\u00e3o, o diretor apresentou propostas completamente diferentes das que Ricardo Paes e Barros, que havia sido designado pela presidente para reduzir o question\u00e1rio, havia defendido.<\/p>\n<p>Rios-Neto desconsiderou completamente a discuss\u00e3o anterior, e quer mexer inclusive no question\u00e1rio b\u00e1sico. Cabe destacar que pelos testes-piloto realizados, a entrevista duraria, em m\u00e9dia, sete minutos.<\/p>\n<p>O novo diretor quer reduzir, por exemplo, o deslocamento, a emigra\u00e7\u00e3o internacional e a mortalidade. Essa imposi\u00e7\u00e3o de redu\u00e7\u00e3o de question\u00e1rio ocorre sem qualquer justificativa ou c\u00e1lculo. Al\u00e9m da falta de coordena\u00e7\u00e3o e coer\u00eancia nas orienta\u00e7\u00f5es com respeito ao question\u00e1rio, s\u00e3o apresentadas propostas m\u00e1gicas como \u201ccenso misto\u201d, ou um formato novo de coleta de question\u00e1rio pela internet.<\/p>\n<p>Qualquer proposta poderia ter sido cotejada em per\u00edodos j\u00e1 superados do planejamento do Censo. Resgatar esses pontos agora significa uma desestrutura\u00e7\u00e3o completa deste planejamento e a inviabiliza\u00e7\u00e3o do Censo. Isso fere duramente os princ\u00edpios fundamentais de estat\u00edsticas oficiais, fere a independ\u00eancia e a qualidade do trabalho, com as mudan\u00e7as bruscas que est\u00e3o querendo impor ao corpo t\u00e9cnico da casa.<\/p>\n<p>Ontem pela manh\u00e3, os t\u00e9cnicos se manifestaram contra os cortes no Censo, numa caminhada da unidade da Av. Chile at\u00e9 a Sede do IBGE, apresentando uma lista de demandas necess\u00e1rias para a autonomia t\u00e9cnica da institui\u00e7\u00e3o.<\/p>\n<p>A presidente, que publicamente afirma-se disposta ao di\u00e1logo, mais uma vez revelou sua atua\u00e7\u00e3o autorit\u00e1ria, negando-se a atender os manifestantes assim como tem se recusado a ouvir o corpo t\u00e9cnico. Como resultado, Paulo Guedes, que chama Susana de &#8220;a mo\u00e7a&#8221;, mandou um representante (Marcelo Guaranys) para dizer que o censo est\u00e1 garantido. Paulo Guedes precisa compreender que o IBGE existe pelo seu trabalho t\u00e9cnico cuidadoso, aprimorado ao longo de 83 anos de hist\u00f3ria, n\u00e3o por cren\u00e7as.<\/p>\n<p>Contra interven\u00e7\u00e3o no IBGE!<br \/>\nPor autonomia t\u00e9cnica!<br \/>\nTira a m\u00e3o do Censo!<\/p>\n<p>Executiva Nacional da AssIBGE SN&#8221;<\/p>\n","protected":false},"excerpt":{"rendered":"<p>Por meio de nota, a Associa\u00e7\u00e3o Nacional dos Funcion\u00e1rios do IBGE (AssIBGE-SN) denuncia que a situa\u00e7\u00e3o dentro do \u00f3rg\u00e3o piorou com a chegada do novo diretor de pesquisas, Eduardo Rios-Neto. &#8220;Rios-Neto desconsiderou completamente a discuss\u00e3o anterior, e quer mexer inclusive no question\u00e1rio b\u00e1sico. S\u00e3o apresentadas propostas m\u00e1gicas como \u201ccenso misto\u201d, ou um formato novo de coleta de question\u00e1rio pela internet&#8221;, [&hellip;]<\/p>\n","protected":false},"author":27,"featured_media":0,"comment_status":"open","ping_status":"closed","sticky":false,"template":"","format":"standard","meta":{"footnotes":""},"categories":[2719],"tags":[4006,4508,15015,15203,6956,2395,15202,2042,2882,11225,922,15016],"class_list":["post-12508","post","type-post","status-publish","format-standard","hentry","category-servidor","tag-assibge","tag-calculo","tag-censo-2020","tag-censo-misto","tag-coleta","tag-cortes","tag-diretoria-de-pesquisas","tag-ibge","tag-internet","tag-interventor","tag-propostas","tag-questionario"],"_links":{"self":[{"href":"https:\/\/blogs.correiobraziliense.com.br\/servidor\/wp-json\/wp\/v2\/posts\/12508","targetHints":{"allow":["GET"]}}],"collection":[{"href":"https:\/\/blogs.correiobraziliense.com.br\/servidor\/wp-json\/wp\/v2\/posts"}],"about":[{"href":"https:\/\/blogs.correiobraziliense.com.br\/servidor\/wp-json\/wp\/v2\/types\/post"}],"author":[{"embeddable":true,"href":"https:\/\/blogs.correiobraziliense.com.br\/servidor\/wp-json\/wp\/v2\/users\/27"}],"replies":[{"embeddable":true,"href":"https:\/\/blogs.correiobraziliense.com.br\/servidor\/wp-json\/wp\/v2\/comments?post=12508"}],"version-history":[{"count":1,"href":"https:\/\/blogs.correiobraziliense.com.br\/servidor\/wp-json\/wp\/v2\/posts\/12508\/revisions"}],"predecessor-version":[{"id":12509,"href":"https:\/\/blogs.correiobraziliense.com.br\/servidor\/wp-json\/wp\/v2\/posts\/12508\/revisions\/12509"}],"wp:attachment":[{"href":"https:\/\/blogs.correiobraziliense.com.br\/servidor\/wp-json\/wp\/v2\/media?parent=12508"}],"wp:term":[{"taxonomy":"category","embeddable":true,"href":"https:\/\/blogs.correiobraziliense.com.br\/servidor\/wp-json\/wp\/v2\/categories?post=12508"},{"taxonomy":"post_tag","embeddable":true,"href":"https:\/\/blogs.correiobraziliense.com.br\/servidor\/wp-json\/wp\/v2\/tags?post=12508"}],"curies":[{"name":"wp","href":"https:\/\/api.w.org\/{rel}","templated":true}]}}