{"id":12491,"date":"2019-05-10T12:35:01","date_gmt":"2019-05-10T15:35:01","guid":{"rendered":"https:\/\/blogs.correiobraziliense.com.br\/servidor\/?p=12491"},"modified":"2019-05-10T12:35:01","modified_gmt":"2019-05-10T15:35:01","slug":"senado-informa-que-retirada-de-funcionarios-do-icmbio-obedece-regulamento-interno","status":"publish","type":"post","link":"https:\/\/blogs.correiobraziliense.com.br\/servidor\/senado-informa-que-retirada-de-funcionarios-do-icmbio-obedece-regulamento-interno\/","title":{"rendered":"Senado informa que retirada de funcion\u00e1rios do ICMBio obedece regulamento interno"},"content":{"rendered":"<p>Durante o debate sobre a Medida Provis\u00f3ria (MP 870\/2019), que reestrutura o governo e reduz o n\u00famero de minist\u00e9rios, <a href=\"https:\/\/blogs.correiobraziliense.com.br\/servidor\/servidores-do-icmbio-sao-impedidos-de-entrar-em-comissao-da-mp-870\/\">funcion\u00e1rios do Instituto Chico Mendes de Conserva\u00e7\u00e3o e Biodiversidade (ICMBio) foram impedidos de entrar na sala da comiss\u00e3o especial que analisava o texto da MP 870<\/a> que reestrutura o governo e reduz minist\u00e9rios<\/p>\n<p>O seguran\u00e7a que estava na porta considerou ter sido pessoalmente ofendido porque uma servidora questionou o crit\u00e9rio para impedir a entrada, uma vez que outras pessoas circulavam livremente e o grupo dela foi barrado. O homem, que disse ser policial legislativo, foi grosseiro com ela. N\u00e3o respondeu e mandou retir\u00e1-los, todos, alegando \u201cdesacato \u00e0 autoridade\u201d. \u201cN\u00f3s s\u00f3 quer\u00edamos acompanhar. Nossa inten\u00e7\u00e3o \u00e9, depois, no Plen\u00e1rio, convencer os congressistas a colocar um destaque para manter o \u00f3rg\u00e3o no minist\u00e9rio do Meio Ambiente\u201d, disse Alexandre Gontijo, presidente da Associa\u00e7\u00e3o de Especialistas em Meio Ambiente (Asibama\/DF).At\u00e9 a hora do fechamento, o Senado n\u00e3o retornou.<\/p>\n<p>Por meio de nota, a assessoria de imprensa do Senado destacou que &#8220;os procedimentos adotados pelos Policiais Legislativos no que respeita o acesso e cess\u00e3o das salas de reuni\u00f5es das comiss\u00f5es do Senado Federal obedecem ao Ato da Comiss\u00e3o Diretora n\u00b0 18, do 2014, bem como as disposi\u00e7\u00f5es expressas no Regimento Interno e no Regulamento Administrativo do Senado Federal&#8221;.<\/p>\n<p>&nbsp;<\/p>\n<p>&nbsp;<\/p>\n","protected":false},"excerpt":{"rendered":"<p>Durante o debate sobre a Medida Provis\u00f3ria (MP 870\/2019), que reestrutura o governo e reduz o n\u00famero de minist\u00e9rios, funcion\u00e1rios do Instituto Chico Mendes de Conserva\u00e7\u00e3o e Biodiversidade (ICMBio) foram impedidos de entrar na sala da comiss\u00e3o especial que analisava o texto da MP 870 que reestrutura o governo e reduz minist\u00e9rios O seguran\u00e7a que estava na porta considerou ter [&hellip;]<\/p>\n","protected":false},"author":27,"featured_media":0,"comment_status":"open","ping_status":"closed","sticky":false,"template":"","format":"standard","meta":{"footnotes":""},"categories":[2719],"tags":[3269,1341,98,12378,5531,6231,15194,4857,2274,696],"class_list":["post-12491","post","type-post","status-publish","format-standard","hentry","category-servidor","tag-asibama","tag-funcionarios","tag-governo","tag-icmbio","tag-interno","tag-ministerios","tag-mp-870-2019","tag-regulamento","tag-retirada","tag-senado"],"_links":{"self":[{"href":"https:\/\/blogs.correiobraziliense.com.br\/servidor\/wp-json\/wp\/v2\/posts\/12491","targetHints":{"allow":["GET"]}}],"collection":[{"href":"https:\/\/blogs.correiobraziliense.com.br\/servidor\/wp-json\/wp\/v2\/posts"}],"about":[{"href":"https:\/\/blogs.correiobraziliense.com.br\/servidor\/wp-json\/wp\/v2\/types\/post"}],"author":[{"embeddable":true,"href":"https:\/\/blogs.correiobraziliense.com.br\/servidor\/wp-json\/wp\/v2\/users\/27"}],"replies":[{"embeddable":true,"href":"https:\/\/blogs.correiobraziliense.com.br\/servidor\/wp-json\/wp\/v2\/comments?post=12491"}],"version-history":[{"count":1,"href":"https:\/\/blogs.correiobraziliense.com.br\/servidor\/wp-json\/wp\/v2\/posts\/12491\/revisions"}],"predecessor-version":[{"id":12492,"href":"https:\/\/blogs.correiobraziliense.com.br\/servidor\/wp-json\/wp\/v2\/posts\/12491\/revisions\/12492"}],"wp:attachment":[{"href":"https:\/\/blogs.correiobraziliense.com.br\/servidor\/wp-json\/wp\/v2\/media?parent=12491"}],"wp:term":[{"taxonomy":"category","embeddable":true,"href":"https:\/\/blogs.correiobraziliense.com.br\/servidor\/wp-json\/wp\/v2\/categories?post=12491"},{"taxonomy":"post_tag","embeddable":true,"href":"https:\/\/blogs.correiobraziliense.com.br\/servidor\/wp-json\/wp\/v2\/tags?post=12491"}],"curies":[{"name":"wp","href":"https:\/\/api.w.org\/{rel}","templated":true}]}}