{"id":12475,"date":"2019-05-09T13:15:52","date_gmt":"2019-05-09T16:15:52","guid":{"rendered":"https:\/\/blogs.correiobraziliense.com.br\/servidor\/?p=12475"},"modified":"2019-05-09T13:15:52","modified_gmt":"2019-05-09T16:15:52","slug":"fonaitec-debate-fortalecimento-de-auditorias-internas-das-instituicoes-federais","status":"publish","type":"post","link":"https:\/\/blogs.correiobraziliense.com.br\/servidor\/fonaitec-debate-fortalecimento-de-auditorias-internas-das-instituicoes-federais\/","title":{"rendered":"Fonaitec debate fortalecimento de auditorias internas das institui\u00e7\u00f5es federais"},"content":{"rendered":"<p><em>Auditores federais se re\u00fanem a partir da pr\u00f3xima segunda-feira (13\/5) em Bras\u00edlia para participar da 50\u00aa edi\u00e7\u00e3o do F\u00f3rum T\u00e9cnico das Auditorias Internas (Fonaitec) do Minist\u00e9rio da Educa\u00e7\u00e3o. O F\u00f3rum, termina na sexta-feira da semana que vem (17\/5). A proposta do evento \u00e9 capacitar, integrar e fortalecer a categoria dos auditores das institui\u00e7\u00f5es federais<\/em><\/p>\n<p>O Fonaitec tem como foco o debate de temas da gest\u00e3o p\u00fablica relacionados ao fortalecimento das auditorias internas das institui\u00e7\u00f5es federais, aprimoramento de controles e a\u00e7\u00f5es para diminuir os riscos de corrup\u00e7\u00e3o e fraudes. Reunir\u00e1, al\u00e9m de auditores das institui\u00e7\u00f5es vinculadas ao MEC, palestrantes da Controladoria Geral da Uni\u00e3o (CGU), do Tribunal de Contas da Uni\u00e3o (TCU), da Petrobras e do Instituto dos Auditores Internos do Brasil (IIA), al\u00e9m de representantes de outras institui\u00e7\u00f5es.\u00a0 O 50\u00ba Fonaitec acontecer\u00e1 no audit\u00f3rio do San Marco Hotel, no Setor Hoteleiro Sul, em Bras\u00edlia.<\/p>\n","protected":false},"excerpt":{"rendered":"<p>Auditores federais se re\u00fanem a partir da pr\u00f3xima segunda-feira (13\/5) em Bras\u00edlia para participar da 50\u00aa edi\u00e7\u00e3o do F\u00f3rum T\u00e9cnico das Auditorias Internas (Fonaitec) do Minist\u00e9rio da Educa\u00e7\u00e3o. O F\u00f3rum, termina na sexta-feira da semana que vem (17\/5). A proposta do evento \u00e9 capacitar, integrar e fortalecer a categoria dos auditores das institui\u00e7\u00f5es federais O Fonaitec tem como foco o [&hellip;]<\/p>\n","protected":false},"author":27,"featured_media":0,"comment_status":"open","ping_status":"closed","sticky":false,"template":"","format":"standard","meta":{"footnotes":""},"categories":[2719],"tags":[15178,2035,15177,501,15180,15179,392,5957,201,635],"class_list":["post-12475","post","type-post","status-publish","format-standard","hentry","category-servidor","tag-auditorias-internas","tag-cgu","tag-fonauitec","tag-forum","tag-iia","tag-instituicoes-federais","tag-mec","tag-ministerio-da-educacao","tag-petrobras","tag-tcu"],"_links":{"self":[{"href":"https:\/\/blogs.correiobraziliense.com.br\/servidor\/wp-json\/wp\/v2\/posts\/12475","targetHints":{"allow":["GET"]}}],"collection":[{"href":"https:\/\/blogs.correiobraziliense.com.br\/servidor\/wp-json\/wp\/v2\/posts"}],"about":[{"href":"https:\/\/blogs.correiobraziliense.com.br\/servidor\/wp-json\/wp\/v2\/types\/post"}],"author":[{"embeddable":true,"href":"https:\/\/blogs.correiobraziliense.com.br\/servidor\/wp-json\/wp\/v2\/users\/27"}],"replies":[{"embeddable":true,"href":"https:\/\/blogs.correiobraziliense.com.br\/servidor\/wp-json\/wp\/v2\/comments?post=12475"}],"version-history":[{"count":1,"href":"https:\/\/blogs.correiobraziliense.com.br\/servidor\/wp-json\/wp\/v2\/posts\/12475\/revisions"}],"predecessor-version":[{"id":12476,"href":"https:\/\/blogs.correiobraziliense.com.br\/servidor\/wp-json\/wp\/v2\/posts\/12475\/revisions\/12476"}],"wp:attachment":[{"href":"https:\/\/blogs.correiobraziliense.com.br\/servidor\/wp-json\/wp\/v2\/media?parent=12475"}],"wp:term":[{"taxonomy":"category","embeddable":true,"href":"https:\/\/blogs.correiobraziliense.com.br\/servidor\/wp-json\/wp\/v2\/categories?post=12475"},{"taxonomy":"post_tag","embeddable":true,"href":"https:\/\/blogs.correiobraziliense.com.br\/servidor\/wp-json\/wp\/v2\/tags?post=12475"}],"curies":[{"name":"wp","href":"https:\/\/api.w.org\/{rel}","templated":true}]}}