{"id":12452,"date":"2019-05-08T12:49:08","date_gmt":"2019-05-08T15:49:08","guid":{"rendered":"https:\/\/blogs.correiobraziliense.com.br\/servidor\/?p=12452"},"modified":"2019-05-08T12:49:40","modified_gmt":"2019-05-08T15:49:40","slug":"aeronautas-querem-emenda-na-mp-863-18-que-preserve-postos-de-trabalho-no-pais","status":"publish","type":"post","link":"https:\/\/blogs.correiobraziliense.com.br\/servidor\/aeronautas-querem-emenda-na-mp-863-18-que-preserve-postos-de-trabalho-no-pais\/","title":{"rendered":"Aeronautas querem emenda na MP 863\/18 que preserve postos de trabalho no pa\u00eds"},"content":{"rendered":"<p>O Secret\u00e1rio geral do Sindicato Nacional dos Aeronautas (SNA), Tiago Rosa, destacou a import\u00e2ncia de o Congresso manter no texto a Emenda n\u00ba 4.<\/p>\n<p>Veja o bate-papo com Tiago Rosa:<\/p>\n<p>https:\/\/www.facebook.com\/correiobraziliense\/videos\/429633774249802\/<\/p>\n","protected":false},"excerpt":{"rendered":"<p>O Secret\u00e1rio geral do Sindicato Nacional dos Aeronautas (SNA), Tiago Rosa, destacou a import\u00e2ncia de o Congresso manter no texto a Emenda n\u00ba 4. Veja o bate-papo com Tiago Rosa: https:\/\/www.facebook.com\/correiobraziliense\/videos\/429633774249802\/<\/p>\n","protected":false},"author":27,"featured_media":0,"comment_status":"open","ping_status":"closed","sticky":false,"template":"","format":"standard","meta":{"footnotes":""},"categories":[2719],"tags":[9824,387,15162,830,5872,261],"class_list":["post-12452","post","type-post","status-publish","format-standard","hentry","category-servidor","tag-1o-congresso-de-jornalismo-e-seguranca-publica","tag-aeronautas","tag-mp-863-18","tag-postos","tag-sna","tag-trabalho"],"_links":{"self":[{"href":"https:\/\/blogs.correiobraziliense.com.br\/servidor\/wp-json\/wp\/v2\/posts\/12452","targetHints":{"allow":["GET"]}}],"collection":[{"href":"https:\/\/blogs.correiobraziliense.com.br\/servidor\/wp-json\/wp\/v2\/posts"}],"about":[{"href":"https:\/\/blogs.correiobraziliense.com.br\/servidor\/wp-json\/wp\/v2\/types\/post"}],"author":[{"embeddable":true,"href":"https:\/\/blogs.correiobraziliense.com.br\/servidor\/wp-json\/wp\/v2\/users\/27"}],"replies":[{"embeddable":true,"href":"https:\/\/blogs.correiobraziliense.com.br\/servidor\/wp-json\/wp\/v2\/comments?post=12452"}],"version-history":[{"count":1,"href":"https:\/\/blogs.correiobraziliense.com.br\/servidor\/wp-json\/wp\/v2\/posts\/12452\/revisions"}],"predecessor-version":[{"id":12453,"href":"https:\/\/blogs.correiobraziliense.com.br\/servidor\/wp-json\/wp\/v2\/posts\/12452\/revisions\/12453"}],"wp:attachment":[{"href":"https:\/\/blogs.correiobraziliense.com.br\/servidor\/wp-json\/wp\/v2\/media?parent=12452"}],"wp:term":[{"taxonomy":"category","embeddable":true,"href":"https:\/\/blogs.correiobraziliense.com.br\/servidor\/wp-json\/wp\/v2\/categories?post=12452"},{"taxonomy":"post_tag","embeddable":true,"href":"https:\/\/blogs.correiobraziliense.com.br\/servidor\/wp-json\/wp\/v2\/tags?post=12452"}],"curies":[{"name":"wp","href":"https:\/\/api.w.org\/{rel}","templated":true}]}}