{"id":12450,"date":"2019-05-08T12:06:16","date_gmt":"2019-05-08T15:06:16","guid":{"rendered":"https:\/\/blogs.correiobraziliense.com.br\/servidor\/?p=12450"},"modified":"2019-05-08T12:06:16","modified_gmt":"2019-05-08T15:06:16","slug":"sna-cmte-tiago-rosa-fala-em-alguns-minutos-sobre-a-mp-863-que-devera-ser-votada-hoje-no-plenario-da-camara","status":"publish","type":"post","link":"https:\/\/blogs.correiobraziliense.com.br\/servidor\/sna-cmte-tiago-rosa-fala-em-alguns-minutos-sobre-a-mp-863-que-devera-ser-votada-hoje-no-plenario-da-camara\/","title":{"rendered":"SNA &#8211; Cmte. Tiago Rosa fala em alguns minutos sobre a MP 863, que dever\u00e1 ser votada hoje no Plen\u00e1rio da C\u00e2mara"},"content":{"rendered":"<p>Tiago Rosa \u00e9 secret\u00e1rio-geral do Sindicato Nacional dos Aeronautas (SNA). O bate-papo, pelo <a href=\"https:\/\/www.facebook.com\/correiobraziliense\/\">Facebook do Correio Braziliense<\/a>, vai tratar da MP 863, que\u00a0 toca em assuntos importantes para os consumidores e para a tripula\u00e7\u00e3o cidad\u00e3o, tais como abertura do capital das empresas a\u00e9reas, o retorno da gratuidade da franquia de bagagens, entre outros.<\/p>\n","protected":false},"excerpt":{"rendered":"<p>Tiago Rosa \u00e9 secret\u00e1rio-geral do Sindicato Nacional dos Aeronautas (SNA). O bate-papo, pelo Facebook do Correio Braziliense, vai tratar da MP 863, que\u00a0 toca em assuntos importantes para os consumidores e para a tripula\u00e7\u00e3o cidad\u00e3o, tais como abertura do capital das empresas a\u00e9reas, o retorno da gratuidade da franquia de bagagens, entre outros.<\/p>\n","protected":false},"author":27,"featured_media":0,"comment_status":"open","ping_status":"closed","sticky":false,"template":"","format":"standard","meta":{"footnotes":""},"categories":[2719],"tags":[638,2804,61,1463,874,15161,12335,15160,2776,5872,6621],"class_list":["post-12450","post","type-post","status-publish","format-standard","hentry","category-servidor","tag-abertura","tag-bagagens","tag-camara","tag-capital","tag-consumidores","tag-franquia","tag-gratuidade","tag-mp-863","tag-plenario","tag-sna","tag-tripulacao"],"_links":{"self":[{"href":"https:\/\/blogs.correiobraziliense.com.br\/servidor\/wp-json\/wp\/v2\/posts\/12450","targetHints":{"allow":["GET"]}}],"collection":[{"href":"https:\/\/blogs.correiobraziliense.com.br\/servidor\/wp-json\/wp\/v2\/posts"}],"about":[{"href":"https:\/\/blogs.correiobraziliense.com.br\/servidor\/wp-json\/wp\/v2\/types\/post"}],"author":[{"embeddable":true,"href":"https:\/\/blogs.correiobraziliense.com.br\/servidor\/wp-json\/wp\/v2\/users\/27"}],"replies":[{"embeddable":true,"href":"https:\/\/blogs.correiobraziliense.com.br\/servidor\/wp-json\/wp\/v2\/comments?post=12450"}],"version-history":[{"count":1,"href":"https:\/\/blogs.correiobraziliense.com.br\/servidor\/wp-json\/wp\/v2\/posts\/12450\/revisions"}],"predecessor-version":[{"id":12451,"href":"https:\/\/blogs.correiobraziliense.com.br\/servidor\/wp-json\/wp\/v2\/posts\/12450\/revisions\/12451"}],"wp:attachment":[{"href":"https:\/\/blogs.correiobraziliense.com.br\/servidor\/wp-json\/wp\/v2\/media?parent=12450"}],"wp:term":[{"taxonomy":"category","embeddable":true,"href":"https:\/\/blogs.correiobraziliense.com.br\/servidor\/wp-json\/wp\/v2\/categories?post=12450"},{"taxonomy":"post_tag","embeddable":true,"href":"https:\/\/blogs.correiobraziliense.com.br\/servidor\/wp-json\/wp\/v2\/tags?post=12450"}],"curies":[{"name":"wp","href":"https:\/\/api.w.org\/{rel}","templated":true}]}}