{"id":12434,"date":"2019-05-07T14:00:23","date_gmt":"2019-05-07T17:00:23","guid":{"rendered":"https:\/\/blogs.correiobraziliense.com.br\/servidor\/?p=12434"},"modified":"2019-05-07T14:00:23","modified_gmt":"2019-05-07T17:00:23","slug":"decreto-muda-a-forma-de-tratamento-no-servico-publico-federal","status":"publish","type":"post","link":"https:\/\/blogs.correiobraziliense.com.br\/servidor\/decreto-muda-a-forma-de-tratamento-no-servico-publico-federal\/","title":{"rendered":"Decreto muda a forma de tratamento no servi\u00e7o p\u00fablico federal"},"content":{"rendered":"<p>De acordo com o Decreto N\u00ba 9.758, de 11 de abril de 2019, foram alteradas as formas de comunica\u00e7\u00e3o emitidas e recebidas pela Administra\u00e7\u00e3o P\u00fablica Federal. A medida entrou em vigor em 1\u00ba de Maio, Dia do Trabalhador.\u00a0No seu Art. 2\u00ba, o decreto determina: \u201cO \u00fanico pronome de tratamento utilizado na comunica\u00e7\u00e3o com agentes p\u00fablicos federais \u00e9 \u2018senhor\u2019, independentemente do n\u00edvel hier\u00e1rquico, da natureza do cargo ou da fun\u00e7\u00e3o ou da ocasi\u00e3o\u201d<\/p>\n<p>A mudan\u00e7a \u00e9 uma reivindica\u00e7\u00e3o antiga da Federa\u00e7\u00e3o Nacional dos Policiais Federais (Fenapef) que, h\u00e1 tempos, denunciou o fato de que delegados estavam obrigando servidores a trat\u00e1-los de excel\u00eancia. T\u00e3o logo foi publicado o decreto, a Fenapef enviou um of\u00edcio ao diretor-geral da institui\u00e7\u00e3o. Veja:<\/p>\n<p><img loading=\"lazy\" decoding=\"async\" class=\"size-large wp-image-12435 aligncenter\" src=\"https:\/\/blogs.correiobraziliense.com.br\/servidor\/wp-content\/uploads\/sites\/10\/2019\/05\/fenapef-tratamento-737x1024.jpeg\" alt=\"\" width=\"737\" height=\"1024\" srcset=\"https:\/\/blogs.correiobraziliense.com.br\/servidor\/wp-content\/uploads\/sites\/10\/2019\/05\/fenapef-tratamento-737x1024.jpeg 737w, https:\/\/blogs.correiobraziliense.com.br\/servidor\/wp-content\/uploads\/sites\/10\/2019\/05\/fenapef-tratamento-216x300.jpeg 216w, https:\/\/blogs.correiobraziliense.com.br\/servidor\/wp-content\/uploads\/sites\/10\/2019\/05\/fenapef-tratamento-768x1067.jpeg 768w, https:\/\/blogs.correiobraziliense.com.br\/servidor\/wp-content\/uploads\/sites\/10\/2019\/05\/fenapef-tratamento-252x350.jpeg 252w, https:\/\/blogs.correiobraziliense.com.br\/servidor\/wp-content\/uploads\/sites\/10\/2019\/05\/fenapef-tratamento-550x764.jpeg 550w, https:\/\/blogs.correiobraziliense.com.br\/servidor\/wp-content\/uploads\/sites\/10\/2019\/05\/fenapef-tratamento-230x320.jpeg 230w, https:\/\/blogs.correiobraziliense.com.br\/servidor\/wp-content\/uploads\/sites\/10\/2019\/05\/fenapef-tratamento.jpeg 921w\" sizes=\"auto, (max-width: 737px) 100vw, 737px\" \/><\/p>\n","protected":false},"excerpt":{"rendered":"<p>De acordo com o Decreto N\u00ba 9.758, de 11 de abril de 2019, foram alteradas as formas de comunica\u00e7\u00e3o emitidas e recebidas pela Administra\u00e7\u00e3o P\u00fablica Federal. A medida entrou em vigor em 1\u00ba de Maio, Dia do Trabalhador.\u00a0No seu Art. 2\u00ba, o decreto determina: \u201cO \u00fanico pronome de tratamento utilizado na comunica\u00e7\u00e3o com agentes p\u00fablicos federais \u00e9 \u2018senhor\u2019, independentemente do [&hellip;]<\/p>\n","protected":false},"author":27,"featured_media":0,"comment_status":"open","ping_status":"closed","sticky":false,"template":"","format":"standard","meta":{"footnotes":""},"categories":[2719],"tags":[229,559,1172,15157,1129,15158,15156,2247],"class_list":["post-12434","post","type-post","status-publish","format-standard","hentry","category-servidor","tag-agentes","tag-comunicacao","tag-decreto","tag-decreto-9-758-19","tag-forma","tag-pronome","tag-servico-publico-federal","tag-tratamento"],"_links":{"self":[{"href":"https:\/\/blogs.correiobraziliense.com.br\/servidor\/wp-json\/wp\/v2\/posts\/12434","targetHints":{"allow":["GET"]}}],"collection":[{"href":"https:\/\/blogs.correiobraziliense.com.br\/servidor\/wp-json\/wp\/v2\/posts"}],"about":[{"href":"https:\/\/blogs.correiobraziliense.com.br\/servidor\/wp-json\/wp\/v2\/types\/post"}],"author":[{"embeddable":true,"href":"https:\/\/blogs.correiobraziliense.com.br\/servidor\/wp-json\/wp\/v2\/users\/27"}],"replies":[{"embeddable":true,"href":"https:\/\/blogs.correiobraziliense.com.br\/servidor\/wp-json\/wp\/v2\/comments?post=12434"}],"version-history":[{"count":1,"href":"https:\/\/blogs.correiobraziliense.com.br\/servidor\/wp-json\/wp\/v2\/posts\/12434\/revisions"}],"predecessor-version":[{"id":12436,"href":"https:\/\/blogs.correiobraziliense.com.br\/servidor\/wp-json\/wp\/v2\/posts\/12434\/revisions\/12436"}],"wp:attachment":[{"href":"https:\/\/blogs.correiobraziliense.com.br\/servidor\/wp-json\/wp\/v2\/media?parent=12434"}],"wp:term":[{"taxonomy":"category","embeddable":true,"href":"https:\/\/blogs.correiobraziliense.com.br\/servidor\/wp-json\/wp\/v2\/categories?post=12434"},{"taxonomy":"post_tag","embeddable":true,"href":"https:\/\/blogs.correiobraziliense.com.br\/servidor\/wp-json\/wp\/v2\/tags?post=12434"}],"curies":[{"name":"wp","href":"https:\/\/api.w.org\/{rel}","templated":true}]}}